{"id":12342,"date":"2025-04-09T16:45:01","date_gmt":"2025-04-09T19:45:01","guid":{"rendered":"https:\/\/partediario.com.ar\/?p=12342"},"modified":"2025-04-10T19:10:25","modified_gmt":"2025-04-10T22:10:25","slug":"indagatoria-al-efectivo-policial-que-gaseo-a-una-nina-en-una-marcha-de-jubilados","status":"publish","type":"post","link":"https:\/\/partediario.com.ar\/?p=12342","title":{"rendered":"Indagatoria al efectivo policial que gase\u00f3 a una ni\u00f1a en una marcha de jubilados"},"content":{"rendered":"\n<h2 class=\"wp-block-heading\">El juez federal Sebasti\u00e1n Ramos cit\u00f3 hoy a declaraci\u00f3n indagatoria a un integrante de la Polic\u00eda Federal, imputado por haber arrojado gas lacrim\u00f3geno a una nenita en medio de una manifestaci\u00f3n de protesta de jubilados el 11 de septiembre del a\u00f1o pasado.<\/h2>\n\n\n\n<p>Ramos convoc\u00f3 al polic\u00eda Cristian Rivaldi para el pr\u00f3ximo 6 de mayo a las 10, tras acceder a un pedido del fiscal del caso Eduardo Taiano, informaron fuentes judiciales.<\/p>\n\n\n\n<p>El magistrado notific\u00f3 adem\u00e1s al efectivo que podr\u00e1 designar abogado de su confianza o bien recurrir a un defensor oficial.<\/p>\n\n\n\n<p>En la causa se investiga lo ocurrido a Fabrizia Pegoraro, gaseada durante una marcha de jubilados en el Congreso el 11 de septiembre \u00faltimo, cuando la nena, de diez a\u00f1os, estaba en el lugar junto a su mam\u00e1.<\/p>\n\n\n\n<p>\u00abDeber\u00e1 ser indagado por haber empleado, de forma desmedida e injustificada, y a una corta distancia, un Disuasivo Presurizado Org\u00e1nico hacia los ojos y el cuerpo de Carla Marina Pegoraro y su hija Fabrizia Pegoraro, de 10 a\u00f1os de edad\u00bb, se\u00f1al\u00f3 la fiscal\u00eda<\/p>\n\n\n\n<p>Ambas, \u00abse encontraban sentadas en la v\u00eda p\u00fablica sin ejercer ning\u00fan tipo de resistencia ni agresi\u00f3n\u00bb.<\/p>\n\n\n\n<p>Cabe destacar que \u00abEl l\u00edquido irritante del armamento no letal con el cual Rivaldi roci\u00f3 a Carla Pegoraro y Fabrizia Pegoraro gener\u00f3 en las nombradas dolencias en sus ojos, por las cuales tuvieron que ser asistidas en ese momento, y particularmente, a Fabrizia Pegoraro, un da\u00f1o en la salud a ra\u00edz del cual se le diagnostic\u00f3 conjuntivitis qu\u00edmica que le perdur\u00f3 por varios d\u00edas caus\u00e1ndole dolores y malestares en la vista\u00bb, indica el dictamen fiscal.<\/p>\n","protected":false},"excerpt":{"rendered":"<p>El juez federal Sebasti&aacute;n Ramos cit&oacute; hoy a declaraci&oacute;n indagatoria a un integrante de la Polic&iacute;a Federal, imputado por haber arrojado gas lacrim&oacute;geno a una nenita en medio de una manifestaci&oacute;n de protesta de jubilados el 11 de septiembre del a&ntilde;o pasado. Ramos convoc&oacute; al polic&iacute;a Cristian Rivaldi para el pr&oacute;ximo 6 de mayo a [&hellip;]<\/p>\n","protected":false},"author":2,"featured_media":12343,"comment_status":"open","ping_status":"open","sticky":false,"template":"","format":"standard","meta":{"footnotes":""},"categories":[979,5],"tags":[4304,5721,5723,3697,535,5722],"class_list":["post-12342","post","type-post","status-publish","format-standard","has-post-thumbnail","hentry","category-judiciales","category-nacionales","tag-citan","tag-cristian-rivaldi","tag-fabrizia-pegoraro","tag-indagatoria","tag-policia","tag-sebastian-ramos"],"_links":{"self":[{"href":"https:\/\/partediario.com.ar\/index.php?rest_route=\/wp\/v2\/posts\/12342","targetHints":{"allow":["GET"]}}],"collection":[{"href":"https:\/\/partediario.com.ar\/index.php?rest_route=\/wp\/v2\/posts"}],"about":[{"href":"https:\/\/partediario.com.ar\/index.php?rest_route=\/wp\/v2\/types\/post"}],"author":[{"embeddable":true,"href":"https:\/\/partediario.com.ar\/index.php?rest_route=\/wp\/v2\/users\/2"}],"replies":[{"embeddable":true,"href":"https:\/\/partediario.com.ar\/index.php?rest_route=%2Fwp%2Fv2%2Fcomments&post=12342"}],"version-history":[{"count":1,"href":"https:\/\/partediario.com.ar\/index.php?rest_route=\/wp\/v2\/posts\/12342\/revisions"}],"predecessor-version":[{"id":12344,"href":"https:\/\/partediario.com.ar\/index.php?rest_route=\/wp\/v2\/posts\/12342\/revisions\/12344"}],"wp:featuredmedia":[{"embeddable":true,"href":"https:\/\/partediario.com.ar\/index.php?rest_route=\/wp\/v2\/media\/12343"}],"wp:attachment":[{"href":"https:\/\/partediario.com.ar\/index.php?rest_route=%2Fwp%2Fv2%2Fmedia&parent=12342"}],"wp:term":[{"taxonomy":"category","embeddable":true,"href":"https:\/\/partediario.com.ar\/index.php?rest_route=%2Fwp%2Fv2%2Fcategories&post=12342"},{"taxonomy":"post_tag","embeddable":true,"href":"https:\/\/partediario.com.ar\/index.php?rest_route=%2Fwp%2Fv2%2Ftags&post=12342"}],"curies":[{"name":"wp","href":"https:\/\/api.w.org\/{rel}","templated":true}]}}