{"id":12349,"date":"2025-04-10T18:50:08","date_gmt":"2025-04-10T21:50:08","guid":{"rendered":"https:\/\/partediario.com.ar\/?p=12349"},"modified":"2025-04-11T10:17:18","modified_gmt":"2025-04-11T13:17:18","slug":"la-cgt-destaco-que-el-paro-fue-un-exito-rotundo-y-cuestiono-la-campana-del-gobierno-contra-la-medida-de-fuerza","status":"publish","type":"post","link":"https:\/\/partediario.com.ar\/?p=12349","title":{"rendered":"La CGT destac\u00f3 que el paro fue \u00abun \u00e9xito rotundo\u00bb y cuestion\u00f3 la campa\u00f1a del Gobierno contra la medida de fuerza"},"content":{"rendered":"\n<h2 class=\"wp-block-heading\">El cosecretario general de la CGT H\u00e9ctor Daer subray\u00f3 que el tercer paro general concretado hoy por la central obrera en la gesti\u00f3n de Javier Milei fue un \u00ab\u00e9xito rotundo\u00bb, a pesar que la medida de fuerza registr\u00f3 un impacto menor a la de anteriores.<\/h2>\n\n\n\n<p>En conferencia de prensa que la dirigencia de la CGT brind\u00f3 alrededor de las 16 en su sede de la calle Azopardo, Daer felicit\u00f3 a \u00abtodos los trabajadores que tomaron la decisi\u00f3n de parar sus actividades para demostrar, una vez m\u00e1s, que el movimiento sindical lleva adelante una agenda clara y concreta para que cambien las pol\u00edticas de ingreso que est\u00e1 teniendo nuestro pa\u00eds\u00bb.<\/p>\n\n\n\n<p>Adem\u00e1s, el referente del gremio de la Sanidad critic\u00f3 la campa\u00f1a publicitaria montada por el Gobierno contra el paro y manifest\u00f3 que es un \u00abmecanismo muy complicado que fue utilizado cuando se perdi\u00f3 la democracia\u00bb.<\/p>\n\n\n\n<p>\u00abCuando se perdi\u00f3 la democracia fueron utilizados esos mismos medios maniqueos\u00bb, apunt\u00f3 Daer, haciendo referencia a los esl\u00f3ganes contra el paro que el Gobierno emiti\u00f3 por altoparlantes en las estaciones de trenes.<\/p>\n\n\n\n<p>El sindicalista se despeg\u00f3 de los incidentes registrados en algunos colectivos que funcionaron con normalidad por la conciliaci\u00f3n obligatoria que acat\u00f3 la UTA.<\/p>\n\n\n\n<p>\u00abNada tienen que ver con los trabajadores ni con las organizaciones sindicales\u00bb, indic\u00f3 sobre esos ataques a pedradas que sufrieron algunas formaciones y que algunas lecturas lo asociaron a represalias contra la UTA de parte de otros sectores de la central obrera.<\/p>\n\n\n\n<p>Daer contest\u00f3 el comunicado cr\u00edtico del Gobierno que aludi\u00f3 al paro de \u00abla casta sindical\u00bb: \u00abQuiero descartar la palabra casta que no tiene nada que ver con este pa\u00eds, ac\u00e1 somos todos iguales ante la ley. En Argentina no hay divisi\u00f3n por castas pero s\u00ed podr\u00edamos dividir entre oligarqu\u00eda y trabajadores\u00bb, despach\u00f3.<\/p>\n\n\n\n<p>Sobre el accionar de la Casa Rosada, acot\u00f3: \u00abCuanta presi\u00f3n hicieron sobre tantos sectores, nos vend\u00edan que hab\u00eda lugares en que no iban a parar\u00bb. y aprovech\u00f3 para reiterar que el motivo de la huelga nacional fue la \u00abca\u00edda de los ingresos y el ajuste profundo que esta recayendo sobre las econom\u00edas regionales y la obra p\u00fablica\u00bb.<\/p>\n\n\n\n<p>Junto a Daer, participaron de la conferencia sus pares del triunvirato, Carlos Acu\u00f1a y Octavio Arguello, y otros referentes como Andr\u00e9s Rodr\u00edguez, Sergio Romero y Cristian Jer\u00f3nimo.<\/p>\n","protected":false},"excerpt":{"rendered":"<p>El cosecretario general de la CGT H&eacute;ctor Daer subray&oacute; que el tercer paro general concretado hoy por la central obrera en la gesti&oacute;n de Javier Milei fue un &laquo;&eacute;xito rotundo&raquo;, a pesar que la medida de fuerza registr&oacute; un impacto menor a la de anteriores. En conferencia de prensa que la dirigencia de la CGT [&hellip;]<\/p>\n","protected":false},"author":2,"featured_media":12350,"comment_status":"open","ping_status":"open","sticky":false,"template":"","format":"standard","meta":{"footnotes":""},"categories":[978,5,176],"tags":[226,3268,691],"class_list":["post-12349","post","type-post","status-publish","format-standard","has-post-thumbnail","hentry","category-gremiales","category-nacionales","category-politica","tag-cgt","tag-hector-daer","tag-paro"],"_links":{"self":[{"href":"https:\/\/partediario.com.ar\/index.php?rest_route=\/wp\/v2\/posts\/12349","targetHints":{"allow":["GET"]}}],"collection":[{"href":"https:\/\/partediario.com.ar\/index.php?rest_route=\/wp\/v2\/posts"}],"about":[{"href":"https:\/\/partediario.com.ar\/index.php?rest_route=\/wp\/v2\/types\/post"}],"author":[{"embeddable":true,"href":"https:\/\/partediario.com.ar\/index.php?rest_route=\/wp\/v2\/users\/2"}],"replies":[{"embeddable":true,"href":"https:\/\/partediario.com.ar\/index.php?rest_route=%2Fwp%2Fv2%2Fcomments&post=12349"}],"version-history":[{"count":1,"href":"https:\/\/partediario.com.ar\/index.php?rest_route=\/wp\/v2\/posts\/12349\/revisions"}],"predecessor-version":[{"id":12351,"href":"https:\/\/partediario.com.ar\/index.php?rest_route=\/wp\/v2\/posts\/12349\/revisions\/12351"}],"wp:featuredmedia":[{"embeddable":true,"href":"https:\/\/partediario.com.ar\/index.php?rest_route=\/wp\/v2\/media\/12350"}],"wp:attachment":[{"href":"https:\/\/partediario.com.ar\/index.php?rest_route=%2Fwp%2Fv2%2Fmedia&parent=12349"}],"wp:term":[{"taxonomy":"category","embeddable":true,"href":"https:\/\/partediario.com.ar\/index.php?rest_route=%2Fwp%2Fv2%2Fcategories&post=12349"},{"taxonomy":"post_tag","embeddable":true,"href":"https:\/\/partediario.com.ar\/index.php?rest_route=%2Fwp%2Fv2%2Ftags&post=12349"}],"curies":[{"name":"wp","href":"https:\/\/api.w.org\/{rel}","templated":true}]}}