{"id":12352,"date":"2025-04-10T18:58:53","date_gmt":"2025-04-10T21:58:53","guid":{"rendered":"https:\/\/partediario.com.ar\/?p=12352"},"modified":"2025-04-11T10:17:14","modified_gmt":"2025-04-11T13:17:14","slug":"javier-milei-le-debe-us2-000-a-cada-porteno-apunto-jorge-macri","status":"publish","type":"post","link":"https:\/\/partediario.com.ar\/?p=12352","title":{"rendered":"\u00abJavier Milei le debe US$2.000 a cada porte\u00f1o\u00bb, apunt\u00f3 Jorge Macri"},"content":{"rendered":"\n<h2 class=\"wp-block-heading\">El jefe de Gobierno porte\u00f1o, Jorge Macri, afirm\u00f3 hoy que la primera postulante a legisladora porte\u00f1a del PRO, Silvia Lospennato, \u201ces mejor\u201d candidata que el portavoz presidencial, Manuel Adorni, quien encabezar\u00e1 la lista porte\u00f1a de La Libertad Avanza.<\/h2>\n\n\n\n<p>Afirm\u00f3 tambi\u00e9n que el Gobierno nacional \u201cle debe a cada porte\u00f1o 2 mil d\u00f3lares\u201d, lo que significa \u201cmuchas obras\u201d que se podr\u00edan llevar a cabo.<\/p>\n\n\n\n<p>En declaraciones radiales, Jorge Macri admmiti\u00f3 que la falta de unidad entre el PRO y LLA podr\u00eda facilitar un triunfo de la lista que encabeza Leandro Santoro, sin embargo confi\u00f3 en que la propuesta del partido oficialista tiene \u201cchances de ganar\u201d la elecci\u00f3n del pr\u00f3ximo 18 de mayo.<\/p>\n\n\n\n<p>\u201cLa gente respalda la gesti\u00f3n y tenemos una muy buena lista\u201d, destac\u00f3 el mandam\u00e1s porte\u00f1o, que aclar\u00f3 que en los comicios no se definir\u00e1 al futuro Gobierno de la Ciudad sino que se est\u00e1 discutiendo representaci\u00f3n legislativa.<\/p>\n\n\n\n<p>\u201cEstamos discutiendo legisladores, entendamos eso. La pregunta es qui\u00e9n es mejor legislador. \u00bfSilvia Lospennato o Adorni? Yo creo que es Lospennato porque se ha preparado y formado para eso, y es una incorporaci\u00f3n de lujo\u201d, mencion\u00f3.<\/p>\n\n\n\n<p>En esa l\u00ednea, Jorge Macri recalc\u00f3 que necesita sumar \u201capoyo legislativo\u201d al reconocer que no ha tenido lo suficiente en su primer a\u00f1o y medio de mandato.<\/p>\n\n\n\n<p>\u201cYo necesito tener apoyo legislativo que no le he tenido mucho, entre otras cosas porque La Librtad Avanza no ha acompa\u00f1ado\u201d, indic\u00f3.<\/p>\n\n\n\n<p>Consuntado sobre las incontables peleas entre el PRO y La Libertad Avanza, le atribuy\u00f3 la mayor responsabilidad a la fuerza pol\u00edtica del presidente Javier Milei.<\/p>\n\n\n\n<p>\u201cEl comportamiento que el PRO ha tenido en el Congreso a lo largo de estos meses de gobierno ha sido de una honestidad y una generosidad muy grande. Nuestra responsabilidad nos hizo acompa\u00f1ar m\u00e1s all\u00e1 de una especulaci\u00f3n sobre costos pol\u00edticos. Despu\u00e9s si el otro decide que no hay forma de trabajar en conjunto, es una decisi\u00f3n de ellos\u201d, se\u00f1al\u00f3.<\/p>\n\n\n\n<p>Reconoci\u00f3 que hay una falta de di\u00e1logo entre Mauricio Macri y Milei, quienes no se ven las caras desde agosto del a\u00f1o pasado.<\/p>\n\n\n\n<p>Por otra parte, Jorge Macri argument\u00f3 que el Gobierno nacional \u201cle debe a cada porte\u00f1o 2 mil d\u00f3lares\u201d, lo que significa \u201cmuchas obras\u201d que se podr\u00edan llevar a cabo.<\/p>\n\n\n\n<p>\u201cSe lo ped\u00ed p\u00fablicamente a Milei y est\u00e1 en la Corte\u201d, explic\u00f3, tras lo cual precis\u00f3 que \u201ces una deuda que gener\u00f3 principalmente el kirchnerismo y que hoy est\u00e1 en manos de los libertarios\u201d.<\/p>\n\n\n\n<p>Sobre la medida de fuerza, el jefe de Gobierno porte\u00f1o relativiz\u00f3 la efectividad del paro general dispuesto por la CGT, aunque lament\u00f3 el ausentismo de alumnos en las escuelas primarias de la Ciudad.<\/p>\n\n\n\n<p>\u201cHoy las escuelas estuvieron todas abiertas, el nivel de presentismo docente fue igual al de cualquier otro d\u00eda. S\u00ed lamento que el ausentismo fue m\u00e1s de los chicos\u201d, destac\u00f3, y responsabiliz\u00f3 a los padres.<\/p>\n\n\n\n<p>\u201cEs una pena que hagamos el esfuerzo de mantener las escuelas abiertas y que los chicos no vayan\u201d, a\u00f1adi\u00f3. Seg\u00fan Jorge Macri, \u201ccada d\u00eda que se pierde en educaci\u00f3n es absolutamente irrecuperable\u201d.<\/p>\n\n\n\n<p>\u201cCada d\u00eda de no educar en el aula es un d\u00eda perdido\u201d, refrend\u00f3, y se mostr\u00f3 a favor de declarar la educaci\u00f3n como servicio esencial.<\/p>\n\n\n\n<p>Finalizando, rechaz\u00f3 las acusaciones vertidas por el ministro de Desregulaci\u00f3n, Federico Sturzenegger, sobre la supuesta incorporaci\u00f3n de 30 mil empleados a la administraci\u00f3n porte\u00f1a.<\/p>\n\n\n\n<p>\u201cEs mentira. Desde que asum\u00ed reduje la planta en 13.842 empleados p\u00fablicos. Puedo traer la lista\u201d, apunt\u00f3.<\/p>\n\n\n\n<p>Y agreg\u00f3: \u201cEl esfuerzo que hicimos de sacar lo que no era imprescindible fue muy grande, entonces si dan un dato falso yo tengo que aclararlo\u201d.<\/p>\n","protected":false},"excerpt":{"rendered":"<p>El jefe de Gobierno porte&ntilde;o, Jorge Macri, afirm&oacute; hoy que la primera postulante a legisladora porte&ntilde;a del PRO, Silvia Lospennato, &ldquo;es mejor&rdquo; candidata que el portavoz presidencial, Manuel Adorni, quien encabezar&aacute; la lista porte&ntilde;a de La Libertad Avanza. Afirm&oacute; tambi&eacute;n que el Gobierno nacional &ldquo;le debe a cada porte&ntilde;o 2 mil d&oacute;lares&rdquo;, lo que significa [&hellip;]<\/p>\n","protected":false},"author":2,"featured_media":12353,"comment_status":"open","ping_status":"open","sticky":false,"template":"","format":"standard","meta":{"footnotes":""},"categories":[5,176],"tags":[226,232,1114,1113,266,646,691,2062,5724],"class_list":["post-12352","post","type-post","status-publish","format-standard","has-post-thumbnail","hentry","category-nacionales","category-politica","tag-cgt","tag-javier-milei","tag-jorge-macri","tag-leandro-santoro","tag-libertad-avanza","tag-manuel-adorni","tag-paro","tag-pro","tag-silvia-lospennato"],"_links":{"self":[{"href":"https:\/\/partediario.com.ar\/index.php?rest_route=\/wp\/v2\/posts\/12352","targetHints":{"allow":["GET"]}}],"collection":[{"href":"https:\/\/partediario.com.ar\/index.php?rest_route=\/wp\/v2\/posts"}],"about":[{"href":"https:\/\/partediario.com.ar\/index.php?rest_route=\/wp\/v2\/types\/post"}],"author":[{"embeddable":true,"href":"https:\/\/partediario.com.ar\/index.php?rest_route=\/wp\/v2\/users\/2"}],"replies":[{"embeddable":true,"href":"https:\/\/partediario.com.ar\/index.php?rest_route=%2Fwp%2Fv2%2Fcomments&post=12352"}],"version-history":[{"count":1,"href":"https:\/\/partediario.com.ar\/index.php?rest_route=\/wp\/v2\/posts\/12352\/revisions"}],"predecessor-version":[{"id":12354,"href":"https:\/\/partediario.com.ar\/index.php?rest_route=\/wp\/v2\/posts\/12352\/revisions\/12354"}],"wp:featuredmedia":[{"embeddable":true,"href":"https:\/\/partediario.com.ar\/index.php?rest_route=\/wp\/v2\/media\/12353"}],"wp:attachment":[{"href":"https:\/\/partediario.com.ar\/index.php?rest_route=%2Fwp%2Fv2%2Fmedia&parent=12352"}],"wp:term":[{"taxonomy":"category","embeddable":true,"href":"https:\/\/partediario.com.ar\/index.php?rest_route=%2Fwp%2Fv2%2Fcategories&post=12352"},{"taxonomy":"post_tag","embeddable":true,"href":"https:\/\/partediario.com.ar\/index.php?rest_route=%2Fwp%2Fv2%2Ftags&post=12352"}],"curies":[{"name":"wp","href":"https:\/\/api.w.org\/{rel}","templated":true}]}}