{"id":12358,"date":"2025-04-10T19:09:56","date_gmt":"2025-04-10T22:09:56","guid":{"rendered":"https:\/\/partediario.com.ar\/?p=12358"},"modified":"2025-04-11T10:17:06","modified_gmt":"2025-04-11T13:17:06","slug":"ponete-a-laburar-le-contestaron-los-ferroviarios-a-adorni","status":"publish","type":"post","link":"https:\/\/partediario.com.ar\/?p=12358","title":{"rendered":"\u00abPonete a laburar\u00bb, le contestaron los ferroviarios a Adorni"},"content":{"rendered":"\n<h2 class=\"wp-block-heading\">Trabajadores ferroviarios contestaron a la serie de frases, que se emit\u00edan por los altoparlantes de las estaciones ferroviarias, por parte del gobierno de Javier Milei, con un mensaje dirigido a su vocero presidencial, Manuel Adorni: \u201cEsto no es Star Wars, ponete a laburar\u201d, manifestaron los empleados desde el altavoz que se utiliza en los vagones de los trenes.<\/h2>\n\n\n\n<p>Fuentes de los gremios que nuclean a los empleados de Trenes Argentinos, se\u00f1alaron que el mensaje que eligieron difundir \u201ces el pensamiento de muchos\u201d, pero que no pueden indicar de qui\u00e9n fue la idea.<\/p>\n\n\n\n<p>Esta iniciativa surgi\u00f3, tras que, en cada marcha, el Ejecutivo Nacional utiliz\u00f3 la carteler\u00eda y micr\u00f3fonos, destinados a informar los horarios, recorridos y cancelaciones de las formaciones, para destacar que \u201cla casta\u201d es la que impide dejar trabajar a aquellos que quieran hacerlo.<\/p>\n\n\n\n<p>\u201cAtaque a la Rep\u00fablica: La Casta sindical atenta contra millones de argentinos que quieren trabajar. Si te extorsionan u obligan a parar, denunci\u00e1 al 134\u201d, informan los parlantes de las estaciones en cada paro o manifestaci\u00f3n que se hace desde el comienzo de esta gesti\u00f3n.<\/p>\n\n\n\n<p>Hasta ahora, no hay una cifra exacta con respecto a los llamados verificados y la cantidad real de gente que denunci\u00f3 \u201cextorsi\u00f3n\u201d o asumi\u00f3 que la \u201cobligaran a parar\u201d de forma fehaciente, ni tampoco que haya hecho pagar una multa o condena a los supuestos denunciados.<\/p>\n\n\n\n<p>Entre diciembre de 2023 y enero de 2024, periodo en el cual se conmemor\u00f3 un nuevo aniversario del 20 de diciembre, se recibieron 57.300 denuncias, que apuntaban a 30 organizaciones sociales, de las cuales s\u00f3lo 927 se presentaron a la Justicia y alrededor de 1.200 al Ministerio de Capital Humano, encabezado por Sandra Pettovello.<\/p>\n\n\n\n<p>En 9 mayo del a\u00f1o pasado, fecha en la que se realiz\u00f3 el segundo paro general en contra de la gesti\u00f3n de Milei, se conoci\u00f3 la cifra de 3.865 denuncias de las cuales, de acuerdo a fuentes del Ministerio de Seguridad, s\u00f3lo 218 tienen datos suficientes para formular denuncias penales.<\/p>\n\n\n\n<p>Por ahora, y de acuerdo con la medida de fuerza realizada desde ayer por la tarde y durante la jornada de hoy, no se han publicado n\u00fameros al respecto de las denuncias que hayan sido recibidas por la l\u00ednea 134.<\/p>\n","protected":false},"excerpt":{"rendered":"<p>Trabajadores ferroviarios contestaron a la serie de frases, que se emit&iacute;an por los altoparlantes de las estaciones ferroviarias, por parte del gobierno de Javier Milei, con un mensaje dirigido a su vocero presidencial, Manuel Adorni: &ldquo;Esto no es Star Wars, ponete a laburar&rdquo;, manifestaron los empleados desde el altavoz que se utiliza en los vagones [&hellip;]<\/p>\n","protected":false},"author":2,"featured_media":12359,"comment_status":"open","ping_status":"open","sticky":false,"template":"","format":"standard","meta":{"footnotes":""},"categories":[978,5,176],"tags":[5727,232,5726,646,5725],"class_list":["post-12358","post","type-post","status-publish","format-standard","has-post-thumbnail","hentry","category-gremiales","category-nacionales","category-politica","tag-ferroviarios","tag-javier-milei","tag-laburar","tag-manuel-adorni","tag-ponete"],"_links":{"self":[{"href":"https:\/\/partediario.com.ar\/index.php?rest_route=\/wp\/v2\/posts\/12358","targetHints":{"allow":["GET"]}}],"collection":[{"href":"https:\/\/partediario.com.ar\/index.php?rest_route=\/wp\/v2\/posts"}],"about":[{"href":"https:\/\/partediario.com.ar\/index.php?rest_route=\/wp\/v2\/types\/post"}],"author":[{"embeddable":true,"href":"https:\/\/partediario.com.ar\/index.php?rest_route=\/wp\/v2\/users\/2"}],"replies":[{"embeddable":true,"href":"https:\/\/partediario.com.ar\/index.php?rest_route=%2Fwp%2Fv2%2Fcomments&post=12358"}],"version-history":[{"count":1,"href":"https:\/\/partediario.com.ar\/index.php?rest_route=\/wp\/v2\/posts\/12358\/revisions"}],"predecessor-version":[{"id":12360,"href":"https:\/\/partediario.com.ar\/index.php?rest_route=\/wp\/v2\/posts\/12358\/revisions\/12360"}],"wp:featuredmedia":[{"embeddable":true,"href":"https:\/\/partediario.com.ar\/index.php?rest_route=\/wp\/v2\/media\/12359"}],"wp:attachment":[{"href":"https:\/\/partediario.com.ar\/index.php?rest_route=%2Fwp%2Fv2%2Fmedia&parent=12358"}],"wp:term":[{"taxonomy":"category","embeddable":true,"href":"https:\/\/partediario.com.ar\/index.php?rest_route=%2Fwp%2Fv2%2Fcategories&post=12358"},{"taxonomy":"post_tag","embeddable":true,"href":"https:\/\/partediario.com.ar\/index.php?rest_route=%2Fwp%2Fv2%2Ftags&post=12358"}],"curies":[{"name":"wp","href":"https:\/\/api.w.org\/{rel}","templated":true}]}}