{"id":12368,"date":"2025-04-11T09:53:05","date_gmt":"2025-04-11T12:53:05","guid":{"rendered":"https:\/\/partediario.com.ar\/?p=12368"},"modified":"2025-04-13T20:05:31","modified_gmt":"2025-04-13T23:05:31","slug":"metrodelegados-paralizaran-las-seis-lineas-y-el-premetro-este-viernes-sera-por-una-hora","status":"publish","type":"post","link":"https:\/\/partediario.com.ar\/?p=12368","title":{"rendered":"Metrodelegados paralizar\u00e1n las seis l\u00edneas y el Premetro este viernes, ser\u00e1 por una hora"},"content":{"rendered":"\n<h2 class=\"wp-block-heading\">La Asociaci\u00f3n Gremial de Trabajadores del Subte y Premetro (AGTSyP) anunci\u00f3 una medida de \u201cautodefensa\u201d para este viernes 11 de abril, que afectar\u00e1 a todas las l\u00edneas de subte y el Premetro entre las 14 y las 15 horas de esta jornada.<\/h2>\n\n\n\n<p>El gremio que conducen Roberto Pianelli y N\u00e9stor Segovia denunci\u00f3 la presencia de personal contratado de forma fraudulenta, presentado como seguridad privada, pero que llevar\u00edan adelante tareas equivalentes a puestos encuadrados en el convenio colectivo. Seg\u00fan indicaron, ya se realizaron presentaciones ante la Secretar\u00eda de Trabajo de la Ciudad de Buenos Aires y se exige el cese inmediato de este tipo de contrataciones.<\/p>\n\n\n\n<p>\u201cNo aceptaremos que se realicen contrataciones ilegales en el \u00e1mbito del subterr\u00e1neo y el Premetro\u201d, afirmaron en un comunicado firmado por el Secretariado Ejecutivo.<\/p>\n\n\n\n<p>Frente a la protesta, la empresa concesionaria Emova emiti\u00f3 su propio comunicado donde repudi\u00f3 la medida de fuerza, al considerar que \u201cperjudica a miles de usuarios de manera directa\u201d. Tambi\u00e9n aclar\u00f3 que el personal de seguridad en cuesti\u00f3n tiene un rol espec\u00edfico y temporario, que no interfiere ni reemplaza al personal de planta de Emova, y que su funci\u00f3n es \u00fanicamente \u201ccolaborar en el resguardo de quienes transitan y trabajan en el subte\u201d.<\/p>\n\n\n\n<p>\u201cNuevamente, repudiamos la actitud tomada por el gremio y lamentamos que esta medida injustificada perjudique a las personas que necesitan trasladarse en el Subte y el Premetro\u201d, destacaron desde la empresa.<\/p>\n\n\n\n<p>Los usuarios podr\u00e1n consultar el estado del servicio en<a href=\"http:\/\/El gremio que conducen Roberto Pianelli y N\u00e9stor Segovia denunci\u00f3 la presencia de personal contratado de forma fraudulenta, presentado como seguridad privada, pero que llevar\u00edan adelante tareas equivalentes a puestos encuadrados en el convenio colectivo. Seg\u00fan indicaron, ya se realizaron presentaciones ante la Secretar\u00eda de Trabajo de la Ciudad de Buenos Aires y se exige el cese inmediato de este tipo de contrataciones.  \u201cNo aceptaremos que se realicen contrataciones ilegales en el \u00e1mbito del subterr\u00e1neo y el Premetro\u201d, afirmaron en un comunicado firmado por el Secretariado Ejecutivo.  Frente a la protesta, la empresa concesionaria Emova emiti\u00f3 su propio comunicado donde repudi\u00f3 la medida de fuerza, al considerar que \u201cperjudica a miles de usuarios de manera directa\u201d. Tambi\u00e9n aclar\u00f3 que el personal de seguridad en cuesti\u00f3n tiene un rol espec\u00edfico y temporario, que no interfiere ni reemplaza al personal de planta de Emova, y que su funci\u00f3n es \u00fanicamente \u201ccolaborar en el resguardo de quienes transitan y trabajan en el subte\u201d.  \u201cNuevamente, repudiamos la actitud tomada por el gremio y lamentamos que esta medida injustificada perjudique a las personas que necesitan trasladarse en el Subte y el Premetro\u201d, destacaron desde la empresa.  Los usuarios podr\u00e1n consultar el estado del servicio en www.emova.com.ar, en el 0800-333-6682 o en las redes sociales de la compa\u00f1\u00eda.\"> www.emova.com.ar<\/a>, en el <strong>0800-333-6682<\/strong> o en las redes sociales de la compa\u00f1\u00eda.<\/p>\n\n\n\n<p><\/p>\n","protected":false},"excerpt":{"rendered":"<p>La Asociaci&oacute;n Gremial de Trabajadores del Subte y Premetro (AGTSyP) anunci&oacute; una medida de &ldquo;autodefensa&rdquo; para este viernes 11 de abril, que afectar&aacute; a todas las l&iacute;neas de subte y el Premetro entre las 14 y las 15 horas de esta jornada. El gremio que conducen Roberto Pianelli y N&eacute;stor Segovia denunci&oacute; la presencia de [&hellip;]<\/p>\n","protected":false},"author":2,"featured_media":12369,"comment_status":"open","ping_status":"open","sticky":false,"template":"","format":"standard","meta":{"footnotes":""},"categories":[978,5,176],"tags":[4280,1186,1185,5730,691,4970,4279],"class_list":["post-12368","post","type-post","status-publish","format-standard","has-post-thumbnail","hentry","category-gremiales","category-nacionales","category-politica","tag-agtsyp","tag-fuerza","tag-medida","tag-nestor-segovia","tag-paro","tag-roberto-pianelli","tag-subtes"],"_links":{"self":[{"href":"https:\/\/partediario.com.ar\/index.php?rest_route=\/wp\/v2\/posts\/12368","targetHints":{"allow":["GET"]}}],"collection":[{"href":"https:\/\/partediario.com.ar\/index.php?rest_route=\/wp\/v2\/posts"}],"about":[{"href":"https:\/\/partediario.com.ar\/index.php?rest_route=\/wp\/v2\/types\/post"}],"author":[{"embeddable":true,"href":"https:\/\/partediario.com.ar\/index.php?rest_route=\/wp\/v2\/users\/2"}],"replies":[{"embeddable":true,"href":"https:\/\/partediario.com.ar\/index.php?rest_route=%2Fwp%2Fv2%2Fcomments&post=12368"}],"version-history":[{"count":1,"href":"https:\/\/partediario.com.ar\/index.php?rest_route=\/wp\/v2\/posts\/12368\/revisions"}],"predecessor-version":[{"id":12370,"href":"https:\/\/partediario.com.ar\/index.php?rest_route=\/wp\/v2\/posts\/12368\/revisions\/12370"}],"wp:featuredmedia":[{"embeddable":true,"href":"https:\/\/partediario.com.ar\/index.php?rest_route=\/wp\/v2\/media\/12369"}],"wp:attachment":[{"href":"https:\/\/partediario.com.ar\/index.php?rest_route=%2Fwp%2Fv2%2Fmedia&parent=12368"}],"wp:term":[{"taxonomy":"category","embeddable":true,"href":"https:\/\/partediario.com.ar\/index.php?rest_route=%2Fwp%2Fv2%2Fcategories&post=12368"},{"taxonomy":"post_tag","embeddable":true,"href":"https:\/\/partediario.com.ar\/index.php?rest_route=%2Fwp%2Fv2%2Ftags&post=12368"}],"curies":[{"name":"wp","href":"https:\/\/api.w.org\/{rel}","templated":true}]}}