{"id":12371,"date":"2025-04-11T10:07:23","date_gmt":"2025-04-11T13:07:23","guid":{"rendered":"https:\/\/partediario.com.ar\/?p=12371"},"modified":"2025-04-13T20:05:27","modified_gmt":"2025-04-13T23:05:27","slug":"tension-interna-en-el-pro-tras-la-foto-del-encuentro-con-referentes-bonaerenses","status":"publish","type":"post","link":"https:\/\/partediario.com.ar\/?p=12371","title":{"rendered":"Tensi\u00f3n interna en el PRO tras la foto del encuentro con referentes bonaerenses"},"content":{"rendered":"\n<h2 class=\"wp-block-heading\">En medio de fuertes conflictos internos en el PRO, el 18 de mayo, se llevar\u00e1n adelante las elecciones legislativas en la Ciudad de Buenos Aires. El PRO encabezado por el actual jefe de Gobierno porte\u00f1o, Jorge Macri, deber\u00e1 enfrentar en la contienda a los candidatos de La Libertad Avanza (LLA).<\/h2>\n\n\n\n<p>Una de las manifestaciones m\u00e1s mencionadas fue la reciente fotograf\u00eda de sus referentes porte\u00f1os empu\u00f1ando una motosierra frente a la sede del Gobierno de la Ciudad. En la fotograf\u00eda aparecen Karina Milei y Manuel Adorni, el vocero presidencial que se convirti\u00f3 en cabeza de lista de legisladores. Junto a ellos pos\u00f3 Pilar Ram\u00edrez, la empleada de Mariano Recalde durante su gesti\u00f3n kirchnerista en Aerol\u00edneas Argentinas; incluso logr\u00f3 una onerosa y justa indemnizaci\u00f3n merced a su militancia en La C\u00e1mpora a trav\u00e9s de la oficina de marketing.<\/p>\n\n\n\n<p><\/p>\n\n\n\n<figure class=\"wp-block-image size-full\"><img loading=\"lazy\" decoding=\"async\" width=\"679\" height=\"371\" src=\"https:\/\/partediario.com.ar\/wp-content\/uploads\/Candidatos-Libertarios-CABA.png\" alt=\"\" class=\"wp-image-12372\" srcset=\"https:\/\/partediario.com.ar\/wp-content\/uploads\/Candidatos-Libertarios-CABA.png 679w, https:\/\/partediario.com.ar\/wp-content\/uploads\/Candidatos-Libertarios-CABA-300x164.png 300w\" sizes=\"auto, (max-width: 679px) 100vw, 679px\" \/><\/figure>\n\n\n\n<p><\/p>\n\n\n\n<p>En una contradicci\u00f3n con el enfrentamiento electoral en el distrito porte\u00f1o, tres figuras \u201cdestacadas\u201d del PRO bonaerense \u2014Diego Santilli, Cristian Ritondo y Guillermo Montenegro\u2014 fueron parte de un encuentro en la Casa Rosada con representantes del gobierno nacional en el d\u00eda de ayer. En esa reuni\u00f3n se formaliz\u00f3 un gesto de acercamiento entre el PRO y LLA en la provincia de Buenos Aires, con vistas a construir una alianza electoral que les permita disputar espacios en las listas legislativas de 2025.<\/p>\n\n\n\n<p>La inc\u00f3moda fotograf\u00eda del encuentro fue difundida por la secretaria general de la Presidencia, Karina Milei, quien por medio de sus redes sociales comparti\u00f3 la imagen junto a un mensaje en el que expres\u00f3: \u201cAcompa\u00f1ando al viento de la historia y escuchando la demanda de los millones que nos votaron, seguimos trabajando para liberar la provincia de Buenos Aires, \u00faltimo reducto del maldito populismo\u201d. En la publicaci\u00f3n, Milei se\u00f1al\u00f3 expresamente a los tres dirigentes del PRO bonaerense, adem\u00e1s de al funcionario presidencial Eduardo \u00abLule\u00bb Menem y al subsecretario de Gesti\u00f3n Institucional, Sebasti\u00e1n Pareja.<\/p>\n\n\n\n<p>Este encuentro desat\u00f3 fuertes tensiones internas dentro del PRO, ya que mientras el partido se prepara para competir en la Ciudad contra el gobierno nacional, sus referentes en la provincia optan por articular alianzas con ese mismo espacio pol\u00edtico. Esta situaci\u00f3n plantea interrogantes sobre la coherencia del mensaje que se transmite a los votantes, quienes ven una postura de enfrentamiento en un distrito y de cooperaci\u00f3n en otro.<\/p>\n\n\n\n<p>En la Ciudad Aut\u00f3noma de Buenos Aires, el PRO conform\u00f3 el frente \u201cBuenos Aires Primero\u201d llevando como primera candidata a legisladora a Silvia Lospennato, en un intento por reforzar su presencia en su principal baluarte pol\u00edtico. Sin embargo, en la provincia de Buenos Aires, la dirigencia del PRO mantiene di\u00e1logos avanzados con LLA para construir una coalici\u00f3n que permita tratar de disputar al peronismo el control de la legislatura y de los principales municipios.<\/p>\n\n\n\n<p>Esta dualidad obliga al PRO a dar claras explicaciones ante su electorado, sobre c\u00f3mo puede convivir una l\u00f3gica de alianza con una de disputa directa en dos territorios lim\u00edtrofes. A nivel nacional votaron a favor de suspender las elecciones PASO, pero en la provincia de Buenos Aires, el PRO est\u00e1 alineado con La C\u00e1mpora, una organizaci\u00f3n que intenta desgastar al gobernador Axel Kicillof.<\/p>\n\n\n\n<p>Si bien por ahora no se formaliz\u00f3 una alianza definitiva en territorio bonaerense, los gestos pol\u00edticos indican una voluntad de acercamiento entre sectores del PRO y el oficialismo libertario. El correr de los meses, ser\u00e1n clave para definir si esta estrategia se mantiene o se reconfigura ante las cr\u00edticas internas y las demandas de algo de coherencia por parte del electorado.<\/p>\n","protected":false},"excerpt":{"rendered":"<p>En medio de fuertes conflictos internos en el PRO, el 18 de mayo, se llevar&aacute;n adelante las elecciones legislativas en la Ciudad de Buenos Aires. El PRO encabezado por el actual jefe de Gobierno porte&ntilde;o, Jorge Macri, deber&aacute; enfrentar en la contienda a los candidatos de La Libertad Avanza (LLA). Una de las manifestaciones m&aacute;s [&hellip;]<\/p>\n","protected":false},"author":2,"featured_media":12373,"comment_status":"open","ping_status":"open","sticky":false,"template":"","format":"standard","meta":{"footnotes":""},"categories":[5,176],"tags":[3515,2062,3290],"class_list":["post-12371","post","type-post","status-publish","format-standard","has-post-thumbnail","hentry","category-nacionales","category-politica","tag-interna","tag-pro","tag-tension"],"_links":{"self":[{"href":"https:\/\/partediario.com.ar\/index.php?rest_route=\/wp\/v2\/posts\/12371","targetHints":{"allow":["GET"]}}],"collection":[{"href":"https:\/\/partediario.com.ar\/index.php?rest_route=\/wp\/v2\/posts"}],"about":[{"href":"https:\/\/partediario.com.ar\/index.php?rest_route=\/wp\/v2\/types\/post"}],"author":[{"embeddable":true,"href":"https:\/\/partediario.com.ar\/index.php?rest_route=\/wp\/v2\/users\/2"}],"replies":[{"embeddable":true,"href":"https:\/\/partediario.com.ar\/index.php?rest_route=%2Fwp%2Fv2%2Fcomments&post=12371"}],"version-history":[{"count":1,"href":"https:\/\/partediario.com.ar\/index.php?rest_route=\/wp\/v2\/posts\/12371\/revisions"}],"predecessor-version":[{"id":12374,"href":"https:\/\/partediario.com.ar\/index.php?rest_route=\/wp\/v2\/posts\/12371\/revisions\/12374"}],"wp:featuredmedia":[{"embeddable":true,"href":"https:\/\/partediario.com.ar\/index.php?rest_route=\/wp\/v2\/media\/12373"}],"wp:attachment":[{"href":"https:\/\/partediario.com.ar\/index.php?rest_route=%2Fwp%2Fv2%2Fmedia&parent=12371"}],"wp:term":[{"taxonomy":"category","embeddable":true,"href":"https:\/\/partediario.com.ar\/index.php?rest_route=%2Fwp%2Fv2%2Fcategories&post=12371"},{"taxonomy":"post_tag","embeddable":true,"href":"https:\/\/partediario.com.ar\/index.php?rest_route=%2Fwp%2Fv2%2Ftags&post=12371"}],"curies":[{"name":"wp","href":"https:\/\/api.w.org\/{rel}","templated":true}]}}