{"id":12412,"date":"2025-04-15T19:58:13","date_gmt":"2025-04-15T22:58:13","guid":{"rendered":"https:\/\/partediario.com.ar\/?p=12412"},"modified":"2025-04-16T19:36:16","modified_gmt":"2025-04-16T22:36:16","slug":"a-que-hora-comienza-la-restriccion-de-camiones-por-el-feriado-de-semana-santa-en-las-rutas-bonaerenses","status":"publish","type":"post","link":"https:\/\/partediario.com.ar\/?p=12412","title":{"rendered":"A qu\u00e9 hora comienza la restricci\u00f3n de camiones por el feriado de Semana Santa en las rutas bonaerenses"},"content":{"rendered":"\n<h2 class=\"wp-block-heading\">El feriado de Semana Santa en Argentina que tendr\u00e1 cuatro d\u00edas de descanso, para quienes puedan viajar a los diferentes destinos tur\u00edsticos del pa\u00eds. Si bien el fin de semana largo comienza el jueves y se extiende hasta el domingo, ma\u00f1ana mi\u00e9rcoles inicia la medida que restringe el traslado de los camiones en las rutas bonaerenses, tal como lo dispone la Direcci\u00f3n de Vialidad de la provincia de Buenos Aires, que forma parte del Ministerio de Infraestructura y Servicios P\u00fablicos.<\/h2>\n\n\n\n<p>La medida se pone en marcha ma\u00f1ana mi\u00e9rcoles 16 y tendr\u00e1 continuidad el jueves 17 y el domingo 20 de abril del presente a\u00f1o 2025, con la imposibilidad de la circulaci\u00f3n de camiones por las rutas de la provincia. La restricci\u00f3n tiene una meta bien claro, tiene que ver con la Seguridad Vial de los usuarios que se movilicen por las rutas durante el fin de semana extralargo por la fecha religiosa y, es buscar prevenir accidentes.<\/p>\n\n\n\n<p>Estos son los d\u00edas, horarios y rutas por las cuales est\u00e1 terminantemente prohibida la circulaci\u00f3n de camiones y, cu\u00e1les son los casos excepcionales que quedan fuera del alcance de la medida.<\/p>\n\n\n\n<p>\u00bfA qu\u00e9 tipo de camiones engloba la restricci\u00f3n de Vialidad de la Provincia de Buenos Aires?<\/p>\n\n\n\n<p><strong>La limitaci\u00f3n es para los camiones cuya carga supere los 7.000 kilos en bruto. Y en cuanto a las rutas que tienen el paso restringido son:<\/strong><\/p>\n\n\n\n<p class=\"has-medium-font-size\"><strong>La Autov\u00eda 2<\/strong><\/p>\n\n\n\n<p><strong>Y las rutas provinciales:<\/strong><\/p>\n\n\n\n<p>11<br>36<br>56<br>63<br>74<\/p>\n\n\n\n<p>La Autopista Buenos Aires-La Plata tambi\u00e9n permanecer\u00e1 \u201ccerrada\u201d al paso de tales camiones por los motivos argumentados anteriormente.<\/p>\n\n\n\n<p>Horarios y sentidos de circulaci\u00f3n durante el fin de semana largo<\/p>\n\n\n\n<p>Seg\u00fan la restricci\u00f3n, estos son los d\u00edas, horarios y modos que abraza la medida.<\/p>\n\n\n\n<p><strong>Mi\u00e9rcoles 16 de abril<\/strong><\/p>\n\n\n\n<p>De 18.00 hs a 23.59<br>Jueves 17 de abril<\/p>\n\n\n\n<p>De 6.00 hs a 14.00<br>Domingo 20 de abril<\/p>\n\n\n\n<p>De 14.00 hs a 23.59<br>Sentido a Costa Atl\u00e1ntica<\/p>\n\n\n\n<p><strong>Mi\u00e9rcoles 16 de abril<\/strong><\/p>\n\n\n\n<p>De 18.00 hs a 23.59<br>Jueves 17 de abril 2025<\/p>\n\n\n\n<p>De 6.00 hs a 14.00<br>Sentido a CABA<\/p>\n\n\n\n<p><strong>Domingo 20 de abril 2025<\/strong><\/p>\n\n\n\n<p>De 14.00 hs a 23.59<br>Autopista Buenos Aires &#8211; La Plata<\/p>\n\n\n\n<p>Desde Ciudad Aut\u00f3noma de Buenos Aires hasta la ciudad de La Plata.<\/p>\n\n\n\n<p><strong>Ruta Provincial N \u00ba 2 (AUTOVIA 2)<\/strong><\/p>\n\n\n\n<p>Desde km 40,5 del Ramal Buenos Aires \u2013 Mar del Plata de la Autopista Buenos Aires \u2013 La Plata hasta el Km. 400 (Camet).<\/p>\n\n\n\n<p><strong>Ruta Provincial N \u00ba 11<\/strong><\/p>\n\n\n\n<p>Desde intersecci\u00f3n con RP N.\u00ba 36 (Pipinas) hasta el Km. 537 (Chapadmalal).<\/p>\n\n\n\n<p><strong>Ruta Provincial N \u00ba 36<\/strong><\/p>\n\n\n\n<p>Desde Rotonda RP N \u00ba 10 (Prolongaci\u00f3n Av. 66 &#8211; La Plata) hasta la intersecci\u00f3n con RP N \u00ba 11 (Pipinas).<\/p>\n\n\n\n<p><strong>Ruta Provincial N \u00ba 56<\/strong><\/p>\n\n\n\n<p>Desde su intersecci\u00f3n con la RP N \u00ba 11 (Gral. Conesa) hasta su intersecci\u00f3n con la RP N.\u00ba 74 (Gral. Madariaga).<\/p>\n\n\n\n<p><strong>Ruta Provincial N \u00ba 63<\/strong><\/p>\n\n\n\n<p>Desde Distribuidor de Transito con RP N \u00ba 2 (Dolores) hasta Intersecci\u00f3n con RP N \u00ba 11 (Esquina de Crotto).<\/p>\n\n\n\n<p><strong>Ruta Provincial N \u00ba 74<\/strong><\/p>\n\n\n\n<p>Desde su intersecci\u00f3n con la RP N \u00ba 56 (Maip\u00fa) hasta su intersecci\u00f3n con la RP N \u00ba 11 (Pinamar).<\/p>\n\n\n\n<p><strong>Transportes habilitados a transitar por dichas rutas<\/strong><\/p>\n\n\n\n<ul class=\"wp-block-list\">\n<li>Los veh\u00edculos del autotransporte de cargas menores a SIETE (7) toneladas de porte bruto y los veh\u00edculos que a continuaci\u00f3n se detallan:<\/li>\n\n\n\n<li>Transporte de leche cruda, sus productos derivados, y envases asociados.<\/li>\n\n\n\n<li>Transporte de animales vivos.<\/li>\n\n\n\n<li>Transporte de pescado y mariscos congelados.<\/li>\n\n\n\n<li>Transporte de productos frutihort\u00edcolas en tr\u00e1nsito.<\/li>\n\n\n\n<li>Transporte exclusivo de prensa y de unidades m\u00f3viles de medios de comunicaci\u00f3n audiovisual.<\/li>\n\n\n\n<li>De atenci\u00f3n de emergencias.<\/li>\n\n\n\n<li>De gr\u00faas\/asistencia a veh\u00edculos averiados o accidentados, en el lugar del suceso o para su traslado al punto m\u00e1s pr\u00f3ximo a aquel donde pueda quedar depositado, y en regreso en vac\u00edo.<\/li>\n\n\n\n<li>Transporte de combustible, de gas natural comprimido y gas licuado de petr\u00f3leo.<\/li>\n\n\n\n<li>Transporte de gases necesarios para el funcionamiento de centros sanitarios, as\u00ed como de gases transportados a particulares para asistencias sanitarias domiciliaria, en ambos casos, cuando se acredite que se transportan a dichos destinos.<\/li>\n\n\n\n<li>Transporte de medicinas.<\/li>\n\n\n\n<li>Transporte de dep\u00f3sitos final de residuos s\u00f3lidos urbanos y\/o patog\u00e9nicos.<\/li>\n\n\n\n<li>Transporte que deba circular en cumplimiento directo e inmediato de una orden judicial.<\/li>\n\n\n\n<li>Transporte de sebo, hueso y cueros.<\/li>\n<\/ul>\n\n\n\n<p>Cuando se oponga a disposiciones que en id\u00e9ntico sentido dicte la Secretar\u00eda de Gesti\u00f3n del Transporte de la Naci\u00f3n, y\/o la Comisi\u00f3n Nacional del Tr\u00e1nsito y la Seguridad Vial, y\/o la Agencia Nacional de seguridad Vial, sobre una misma v\u00eda, d\u00eda y horario.<\/p>\n","protected":false},"excerpt":{"rendered":"<p>El feriado de Semana Santa en Argentina que tendr&aacute; cuatro d&iacute;as de descanso, para quienes puedan viajar a los diferentes destinos tur&iacute;sticos del pa&iacute;s. Si bien el fin de semana largo comienza el jueves y se extiende hasta el domingo, ma&ntilde;ana mi&eacute;rcoles inicia la medida que restringe el traslado de los camiones en las rutas [&hellip;]<\/p>\n","protected":false},"author":2,"featured_media":12413,"comment_status":"open","ping_status":"open","sticky":false,"template":"","format":"standard","meta":{"footnotes":""},"categories":[8,726],"tags":[5746,1064,1733,987],"class_list":["post-12412","post","type-post","status-publish","format-standard","has-post-thumbnail","hentry","category-provinciales","category-sociedad","tag-bonaerenses","tag-camiones","tag-restriccion","tag-rutas"],"_links":{"self":[{"href":"https:\/\/partediario.com.ar\/index.php?rest_route=\/wp\/v2\/posts\/12412","targetHints":{"allow":["GET"]}}],"collection":[{"href":"https:\/\/partediario.com.ar\/index.php?rest_route=\/wp\/v2\/posts"}],"about":[{"href":"https:\/\/partediario.com.ar\/index.php?rest_route=\/wp\/v2\/types\/post"}],"author":[{"embeddable":true,"href":"https:\/\/partediario.com.ar\/index.php?rest_route=\/wp\/v2\/users\/2"}],"replies":[{"embeddable":true,"href":"https:\/\/partediario.com.ar\/index.php?rest_route=%2Fwp%2Fv2%2Fcomments&post=12412"}],"version-history":[{"count":1,"href":"https:\/\/partediario.com.ar\/index.php?rest_route=\/wp\/v2\/posts\/12412\/revisions"}],"predecessor-version":[{"id":12414,"href":"https:\/\/partediario.com.ar\/index.php?rest_route=\/wp\/v2\/posts\/12412\/revisions\/12414"}],"wp:featuredmedia":[{"embeddable":true,"href":"https:\/\/partediario.com.ar\/index.php?rest_route=\/wp\/v2\/media\/12413"}],"wp:attachment":[{"href":"https:\/\/partediario.com.ar\/index.php?rest_route=%2Fwp%2Fv2%2Fmedia&parent=12412"}],"wp:term":[{"taxonomy":"category","embeddable":true,"href":"https:\/\/partediario.com.ar\/index.php?rest_route=%2Fwp%2Fv2%2Fcategories&post=12412"},{"taxonomy":"post_tag","embeddable":true,"href":"https:\/\/partediario.com.ar\/index.php?rest_route=%2Fwp%2Fv2%2Ftags&post=12412"}],"curies":[{"name":"wp","href":"https:\/\/api.w.org\/{rel}","templated":true}]}}