{"id":12418,"date":"2025-04-15T20:47:45","date_gmt":"2025-04-15T23:47:45","guid":{"rendered":"https:\/\/partediario.com.ar\/?p=12418"},"modified":"2025-04-16T19:36:08","modified_gmt":"2025-04-16T22:36:08","slug":"media-sancion-a-la-suspension-de-las-paso-en-el-senado-bonaerense","status":"publish","type":"post","link":"https:\/\/partediario.com.ar\/?p=12418","title":{"rendered":"Media sanci\u00f3n a la suspensi\u00f3n de las PASO en el Senado bonaerense"},"content":{"rendered":"\n<h2 class=\"wp-block-heading\">El Senado bonaerense dio hoy media sanci\u00f3n y gir\u00f3 a la C\u00e1mara de Diputados el proyecto de ley del gobernador Axel Kicillof para suspender las Primarias Abiertas, Simult\u00e1neas y Obligatorias (PASO) en la provincia.<\/h2>\n\n\n\n<p>La aprobaci\u00f3n del proyecto se destrab\u00f3 tras que la titular del Partido Justicialista, Cristina Kirchner, quien mantiene una dura interna con su ex mimado, por la conducci\u00f3n del peronismo, aceptara no sin quejas y luego de mucha resistencia el desdoblamiento electoral y la suspensi\u00f3n de las PASO propuesto el mandatario bonaerense.<\/p>\n\n\n\n<p>En un largo posteo, que estuvo lleno de cr\u00edticas a Kicillof por lo que considera un error pol\u00edtico, la ex presidenta termin\u00f3 cediendo en sus pretensiones de hacer concurrentes las elecciones provinciales y las nacionales (unificando la fecha), e instruy\u00f3 a su tropa tanto del Senado como de la C\u00e1mara de Diputados bonaerense a acompa\u00f1ar el proyecto del gobernador.<\/p>\n\n\n\n<p>La totalidad del bloque de Uni\u00f3n por la Patria vot\u00f3 a favor de la iniciativa, con la excepci\u00f3n del senador Federico Fagioli (que responde al l\u00edder del Frente Patria Grande, Juan Grabois), quien se abstuvo para defender la continuidad de las PASO.<\/p>\n\n\n\n<p>Si se confirma la suspensi\u00f3n de las PASO en la C\u00e1mara Baja, los electores bonaerenses deber\u00e1n acudir a las urnas apenas dos veces: el 7 de septiembre para elegir legisladores provinciales y concejales municipales, y el 26 de octubre para elegir diputados nacionales.<\/p>\n\n\n\n<p>La presidenta de la bancada de UP en el Senado, Mar\u00eda Teresa Garc\u00eda, quien reporta directamente a Cristina Kirchner, consider\u00f3 que con la implementaci\u00f3n de la Boleta \u00danica de Papel impulsada por el presidente Javier Milei se \u201cdesorden\u00f3 todo\u201d.<\/p>\n\n\n\n<p>La senadora bonaerense coincidi\u00f3 con la ex presidenta en el diagn\u00f3stico de que \u201cen este contexto de crisis era mejor una \u00fanica elecci\u00f3n\u201d y agreg\u00f3 que \u00abno era el momento de experimentar\u00bb con un desdoblamiento.<\/p>\n\n\n\n<p>Asimismo, destac\u00f3 que el kirchnerismo \u00abno cree en la municipalizaci\u00f3n de la pol\u00edtica, ni en su provincializaci\u00f3n sino en un proyecto nacional\u00bb.<\/p>\n\n\n\n<p>Por su parte, el titular del Bloque de Senadores UCR + Cambio Federal, Agust\u00edn Maspoli expres\u00f3 que \u201cestar discutiendo cuestiones electorales en un a\u00f1o electoral no es lo ideal\u201d. Entiendo que la decisi\u00f3n que estamos tomando es la correcta, de acuerdo a los cambios introducidos a nivel nacional, pero siento que estamos fuera de tiempo, en parte por la tensi\u00f3n que se vivi\u00f3 dentro del oficialismo\u201d, acot\u00f3.<\/p>\n\n\n\n<p>\u201cEn los medios de comunicaci\u00f3n se hablaba de la interna del oficialismo y no de los problemas de los bonaerenses\u201d, lament\u00f3, y sinaliz\u00f3: \u201choy estamos dando certidumbre al electorado y a los partidos pol\u00edticos\u201d.<\/p>\n\n\n\n<p>A su turno, el senador del PRO Marcelo Leguizam\u00f3n Brown, tambi\u00e9n apoy\u00f3 la suspensi\u00f3n de las PASO.<\/p>\n\n\n\n<p>\u201cLas PASO fueron una buena idea en el papel, y podr\u00edamos rediscutirlas de cara al futuro para mejorarlas, pero seamos honestos, en la provincia de Buenos Aires solo han servido para ratificar listas \u00fanicas, como una gran encuesta previa a las elecciones generales, o como simulacro de competencia entre estructuras que ya tienen todo cocinado a dedo\u201d, fundament\u00f3 su voto.<\/p>\n","protected":false},"excerpt":{"rendered":"<p>El Senado bonaerense dio hoy media sanci&oacute;n y gir&oacute; a la C&aacute;mara de Diputados el proyecto de ley del gobernador Axel Kicillof para suspender las Primarias Abiertas, Simult&aacute;neas y Obligatorias (PASO) en la provincia. La aprobaci&oacute;n del proyecto se destrab&oacute; tras que la titular del Partido Justicialista, Cristina Kirchner, quien mantiene una dura interna con [&hellip;]<\/p>\n","protected":false},"author":2,"featured_media":12419,"comment_status":"open","ping_status":"open","sticky":false,"template":"","format":"standard","meta":{"footnotes":""},"categories":[5,176],"tags":[1112,5750,518,232,656,1294,5749,230,730],"class_list":["post-12418","post","type-post","status-publish","format-standard","has-post-thumbnail","hentry","category-nacionales","category-politica","tag-axel-kicillof","tag-bonaerense","tag-cristina-kirchner","tag-javier-milei","tag-media","tag-paso","tag-sansion","tag-senado","tag-suspension"],"_links":{"self":[{"href":"https:\/\/partediario.com.ar\/index.php?rest_route=\/wp\/v2\/posts\/12418","targetHints":{"allow":["GET"]}}],"collection":[{"href":"https:\/\/partediario.com.ar\/index.php?rest_route=\/wp\/v2\/posts"}],"about":[{"href":"https:\/\/partediario.com.ar\/index.php?rest_route=\/wp\/v2\/types\/post"}],"author":[{"embeddable":true,"href":"https:\/\/partediario.com.ar\/index.php?rest_route=\/wp\/v2\/users\/2"}],"replies":[{"embeddable":true,"href":"https:\/\/partediario.com.ar\/index.php?rest_route=%2Fwp%2Fv2%2Fcomments&post=12418"}],"version-history":[{"count":1,"href":"https:\/\/partediario.com.ar\/index.php?rest_route=\/wp\/v2\/posts\/12418\/revisions"}],"predecessor-version":[{"id":12420,"href":"https:\/\/partediario.com.ar\/index.php?rest_route=\/wp\/v2\/posts\/12418\/revisions\/12420"}],"wp:featuredmedia":[{"embeddable":true,"href":"https:\/\/partediario.com.ar\/index.php?rest_route=\/wp\/v2\/media\/12419"}],"wp:attachment":[{"href":"https:\/\/partediario.com.ar\/index.php?rest_route=%2Fwp%2Fv2%2Fmedia&parent=12418"}],"wp:term":[{"taxonomy":"category","embeddable":true,"href":"https:\/\/partediario.com.ar\/index.php?rest_route=%2Fwp%2Fv2%2Fcategories&post=12418"},{"taxonomy":"post_tag","embeddable":true,"href":"https:\/\/partediario.com.ar\/index.php?rest_route=%2Fwp%2Fv2%2Ftags&post=12418"}],"curies":[{"name":"wp","href":"https:\/\/api.w.org\/{rel}","templated":true}]}}