{"id":12422,"date":"2025-04-15T20:53:22","date_gmt":"2025-04-15T23:53:22","guid":{"rendered":"https:\/\/partediario.com.ar\/?p=12422"},"modified":"2025-04-16T19:36:04","modified_gmt":"2025-04-16T22:36:04","slug":"la-cgt-convoco-a-una-marcha-el-30-de-abril-por-el-dia-del-trabajador-y-ademas-invito-a-gobernadores-peronistas","status":"publish","type":"post","link":"https:\/\/partediario.com.ar\/?p=12422","title":{"rendered":"La CGT convoc\u00f3 a una marcha el 30 de abril por el D\u00eda del Trabajador y adem\u00e1s invit\u00f3 a gobernadores peronistas"},"content":{"rendered":"\n<h2 class=\"wp-block-heading\">La CGT convoc\u00f3 hoy a una movilizaci\u00f3n para el pr\u00f3ximo 30 de abril por el D\u00eda del Trabajador, que partir\u00e1 desde la Avenida 9 de Julio hasta el Monumento al Trabajo.<\/h2>\n\n\n\n<p>Los secretarios generales cegetistas invitaron para ese mismo d\u00eda a los gobernadores del peronismo para incorporarlos a una reuni\u00f3n con el Consejo Directivo de la central obrera en la sede de la calle Azopardo.<\/p>\n\n\n\n<p>Seg\u00fan trascendi\u00f3, los mandatarios provinciales estar\u00edan encabezados por el bonaerense Axel Kicillof.<\/p>\n\n\n\n<p>La protesta se realizar\u00e1 tras el tercer paro general que la central obrera llev\u00f3 a cabo durante el gobierno de Javier Milei, aunque esa \u00faltima huelga de la semana pasada tuvo acatamiento dispar a ra\u00edz del funcionamiento del servicio de colectivos.<\/p>\n\n\n\n<p>La movilizaci\u00f3n del 30 de abril se iniciar\u00e1 a las 14 con una concentraci\u00f3n en la intersecci\u00f3n de las avenidas Independencia y 9 de Julio y culminar\u00e1 en el Monumento al Trabajo en Avenida Paseo Col\u00f3n.<\/p>\n\n\n\n<p>Luego del reciente paro del 10 de abril, la tensi\u00f3n entre la CGT y el Gobierno recrudeci\u00f3 y se rompi\u00f3 una tregua de casi un a\u00f1o sin medidas de fuerza; las dos primeras huelgas hab\u00edan sido casi al inicio de la gesti\u00f3n encabezada por Javier Milei.<\/p>\n\n\n\n<p>Durante el \u00faltimo paro general, el cosecretario general de la central H\u00e9ctor Daer critic\u00f3 la campa\u00f1a publicitaria montada por el Gobierno contra el paro y dijo que se trat\u00f3 de un \u00abmecanismo muy complicado que fue utilizado cuando se perdi\u00f3 la democracia\u00bb.<\/p>\n\n\n\n<p>La medida de fuerza se llev\u00f3 a cabo por \u00abparitarias libres, homologaci\u00f3n de todos los Convenios Colectivos de Trabajo, aumento de emergencia para todas las jubilaciones y pensiones, actualizaci\u00f3n del bono y poner fin a la represi\u00f3n salvaje de la protesta social\u00bb.<\/p>\n\n\n\n<p>De este modo, la CGT mantiene vivo el conflicto con la gesti\u00f3n Milei en medio de la trama interna de la central, que tendr\u00e1 que afrontar en noviembre una renovaci\u00f3n de autoridades tras la divisi\u00f3n entre sus diferentes sectores.<\/p>\n","protected":false},"excerpt":{"rendered":"<p>La CGT convoc&oacute; hoy a una movilizaci&oacute;n para el pr&oacute;ximo 30 de abril por el D&iacute;a del Trabajador, que partir&aacute; desde la Avenida 9 de Julio hasta el Monumento al Trabajo. Los secretarios generales cegetistas invitaron para ese mismo d&iacute;a a los gobernadores del peronismo para incorporarlos a una reuni&oacute;n con el Consejo Directivo de [&hellip;]<\/p>\n","protected":false},"author":2,"featured_media":12423,"comment_status":"open","ping_status":"open","sticky":false,"template":"","format":"standard","meta":{"footnotes":""},"categories":[978,5,176],"tags":[5751,1112,226,5752,971,222],"class_list":["post-12422","post","type-post","status-publish","format-standard","has-post-thumbnail","hentry","category-gremiales","category-nacionales","category-politica","tag-30-abril","tag-axel-kicillof","tag-cgt","tag-dia-del-trabajador","tag-marcha","tag-movilizacion"],"_links":{"self":[{"href":"https:\/\/partediario.com.ar\/index.php?rest_route=\/wp\/v2\/posts\/12422","targetHints":{"allow":["GET"]}}],"collection":[{"href":"https:\/\/partediario.com.ar\/index.php?rest_route=\/wp\/v2\/posts"}],"about":[{"href":"https:\/\/partediario.com.ar\/index.php?rest_route=\/wp\/v2\/types\/post"}],"author":[{"embeddable":true,"href":"https:\/\/partediario.com.ar\/index.php?rest_route=\/wp\/v2\/users\/2"}],"replies":[{"embeddable":true,"href":"https:\/\/partediario.com.ar\/index.php?rest_route=%2Fwp%2Fv2%2Fcomments&post=12422"}],"version-history":[{"count":1,"href":"https:\/\/partediario.com.ar\/index.php?rest_route=\/wp\/v2\/posts\/12422\/revisions"}],"predecessor-version":[{"id":12424,"href":"https:\/\/partediario.com.ar\/index.php?rest_route=\/wp\/v2\/posts\/12422\/revisions\/12424"}],"wp:featuredmedia":[{"embeddable":true,"href":"https:\/\/partediario.com.ar\/index.php?rest_route=\/wp\/v2\/media\/12423"}],"wp:attachment":[{"href":"https:\/\/partediario.com.ar\/index.php?rest_route=%2Fwp%2Fv2%2Fmedia&parent=12422"}],"wp:term":[{"taxonomy":"category","embeddable":true,"href":"https:\/\/partediario.com.ar\/index.php?rest_route=%2Fwp%2Fv2%2Fcategories&post=12422"},{"taxonomy":"post_tag","embeddable":true,"href":"https:\/\/partediario.com.ar\/index.php?rest_route=%2Fwp%2Fv2%2Ftags&post=12422"}],"curies":[{"name":"wp","href":"https:\/\/api.w.org\/{rel}","templated":true}]}}