{"id":12426,"date":"2025-04-16T19:30:32","date_gmt":"2025-04-16T22:30:32","guid":{"rendered":"https:\/\/partediario.com.ar\/?p=12426"},"modified":"2025-04-18T13:43:33","modified_gmt":"2025-04-18T16:43:33","slug":"la-uom-perdio-en-un-ano-22-000-puestos-de-trabajo-senalo-abel-furlan","status":"publish","type":"post","link":"https:\/\/partediario.com.ar\/?p=12426","title":{"rendered":"La UOM perdi\u00f3 en un a\u00f1o 22.000 puestos de trabajo, se\u00f1al\u00f3 Abel Furlan"},"content":{"rendered":"\n<h2 class=\"wp-block-heading\">El secretario general de la Uni\u00f3n Obrera Metal\u00fargica (UOM), Abel Furl\u00e1n, asegur\u00f3 hoy que la econom\u00eda argentina \u201cest\u00e1 deprimida de una manera escandalosa\u201d, y agreg\u00f3 que su gremio perdi\u00f3 en el \u00faltimo a\u00f1o \u201cm\u00e1s de 22.000\u201d puestos de trabajo y destac\u00f3 adem\u00e1s que est\u00e1n en riesgo \u201centre 30.000 y 50.000\u201d m\u00e1s en los pr\u00f3ximos meses.<\/h2>\n\n\n\n<p>\u201cEl proceso de desindustrializaci\u00f3n es muy claro y no se sabe qui\u00e9n le va a dar trabajo a la gente\u201d, manifest\u00f3 Furl\u00e1n en declaraciones Radiales.<\/p>\n\n\n\n<p>El sindicalista se\u00f1al\u00f3 que \u201cla econom\u00eda est\u00e1 reprimida de una manera escandalosa solo para corregir dos variables, el d\u00e9ficit fiscal y la inflaci\u00f3n\u201d, y a\u00f1adi\u00f3: \u201cUno hubiera querido que estas variables se corrijan con una econom\u00eda de crecimiento, pero esto no est\u00e1 sucediendo\u201d.<\/p>\n\n\n\n<p>\u201cHab\u00eda una expectativa, por ejemplo con Vaca Muerta, para nuestras empresas metal\u00fargicas, pero abrieron la importaci\u00f3n para que toda la maquinaria pueda venir de afuera, y usada\u201d, apunt\u00f3.<\/p>\n\n\n\n<p>Furl\u00e1n asegur\u00f3 que la apertura para la llegada del exterior de maquinaria usada \u201ces una de las condiciones que puso el FMI para otorgarnos el pr\u00e9stamo, y a nosotros (por la metalurgia) nos pega de lleno. Todo el equipamiento en desuso lo van a traer ac\u00e1\u201d, destac\u00f3.<\/p>\n\n\n\n<p>\u201cHoy todo el mundo, empezando por los Estados Unidos est\u00e1 protegiendo su industria y su producci\u00f3n, y nosotros vamos a contramano del mundo\u201d, explic\u00f3.<\/p>\n\n\n\n<p>Acot\u00f3 que desde el Gobierno \u201cpretenden que lo que quede de la industria tenga salarios de hambre, porque \u201cla pol\u00edtica antiinflacionaria es con salarios a la baja\u201d, y se\u00f1al\u00f3 que \u201clo \u00fanico que est\u00e1 liberado en la Argentina es el d\u00f3lar, porque los salarios est\u00e1n pisados\u201d.<\/p>\n","protected":false},"excerpt":{"rendered":"<p>El secretario general de la Uni&oacute;n Obrera Metal&uacute;rgica (UOM), Abel Furl&aacute;n, asegur&oacute; hoy que la econom&iacute;a argentina &ldquo;est&aacute; deprimida de una manera escandalosa&rdquo;, y agreg&oacute; que su gremio perdi&oacute; en el &uacute;ltimo a&ntilde;o &ldquo;m&aacute;s de 22.000&rdquo; puestos de trabajo y destac&oacute; adem&aacute;s que est&aacute;n en riesgo &ldquo;entre 30.000 y 50.000&rdquo; m&aacute;s en los pr&oacute;ximos meses. [&hellip;]<\/p>\n","protected":false},"author":2,"featured_media":12428,"comment_status":"open","ping_status":"open","sticky":false,"template":"","format":"standard","meta":{"footnotes":""},"categories":[978,5,176],"tags":[5755,5757,5754,985,2327,5756],"class_list":["post-12426","post","type-post","status-publish","format-standard","has-post-thumbnail","hentry","category-gremiales","category-nacionales","category-politica","tag-22-000","tag-abel-furlan","tag-perdio","tag-puestos","tag-trabajo","tag-upm"],"_links":{"self":[{"href":"https:\/\/partediario.com.ar\/index.php?rest_route=\/wp\/v2\/posts\/12426","targetHints":{"allow":["GET"]}}],"collection":[{"href":"https:\/\/partediario.com.ar\/index.php?rest_route=\/wp\/v2\/posts"}],"about":[{"href":"https:\/\/partediario.com.ar\/index.php?rest_route=\/wp\/v2\/types\/post"}],"author":[{"embeddable":true,"href":"https:\/\/partediario.com.ar\/index.php?rest_route=\/wp\/v2\/users\/2"}],"replies":[{"embeddable":true,"href":"https:\/\/partediario.com.ar\/index.php?rest_route=%2Fwp%2Fv2%2Fcomments&post=12426"}],"version-history":[{"count":1,"href":"https:\/\/partediario.com.ar\/index.php?rest_route=\/wp\/v2\/posts\/12426\/revisions"}],"predecessor-version":[{"id":12429,"href":"https:\/\/partediario.com.ar\/index.php?rest_route=\/wp\/v2\/posts\/12426\/revisions\/12429"}],"wp:featuredmedia":[{"embeddable":true,"href":"https:\/\/partediario.com.ar\/index.php?rest_route=\/wp\/v2\/media\/12428"}],"wp:attachment":[{"href":"https:\/\/partediario.com.ar\/index.php?rest_route=%2Fwp%2Fv2%2Fmedia&parent=12426"}],"wp:term":[{"taxonomy":"category","embeddable":true,"href":"https:\/\/partediario.com.ar\/index.php?rest_route=%2Fwp%2Fv2%2Fcategories&post=12426"},{"taxonomy":"post_tag","embeddable":true,"href":"https:\/\/partediario.com.ar\/index.php?rest_route=%2Fwp%2Fv2%2Ftags&post=12426"}],"curies":[{"name":"wp","href":"https:\/\/api.w.org\/{rel}","templated":true}]}}