{"id":12433,"date":"2025-04-16T19:33:52","date_gmt":"2025-04-16T22:33:52","guid":{"rendered":"https:\/\/partediario.com.ar\/?p=12433"},"modified":"2025-04-18T13:43:24","modified_gmt":"2025-04-18T16:43:24","slug":"francos-en-diputados-admitio-que-para-generar-mas-actividad-en-el-agro-la-baja-de-retenciones-es-un-incentivo","status":"publish","type":"post","link":"https:\/\/partediario.com.ar\/?p=12433","title":{"rendered":"Francos en Diputados: admiti\u00f3 que \u00abpara generar m\u00e1s actividad en el agro la baja de retenciones es un incentivo\u00bb"},"content":{"rendered":"\n<h2 class=\"wp-block-heading\">El jefe de Gabinete, Guillermo Francos, reconoci\u00f3 hoy que \u201cpara generar una actividad incremental en el sector agropecuario la baja de retenciones ser\u00eda un incentivo\u201d, aunque no realiz\u00f3 anuncios despu\u00e9s que el presidente Javier Milei intimara al campo a liquidar divisas ya que en julio volver\u00e1n a aumentar los derechos de exportaci\u00f3n.<\/h2>\n\n\n\n<p>\u201cEs un tema en el que todos estamos de acuerdo que para generar una actividad incremental en el sector agropecuario la baja de retenciones ser\u00eda un incentivo, lo mismo que si uno baja impuestos en cualquier sector\u201d, apunt\u00f3.<\/p>\n\n\n\n<p>En la exposici\u00f3n de su informe de gesti\u00f3n en la C\u00e1mara baja, el funcionario a\u00f1adi\u00f3 que \u201csi se reforma el r\u00e9gimen laboral tambi\u00e9n en es un incentivo para incrementar la actividad econ\u00f3mica\u201d.<\/p>\n\n\n\n<p>\u201cEn el caso particular del agro, el Gobierno hab\u00eda anunciado que la baja de retenciones era algo temporal porque hab\u00eda un baja liquidaci\u00f3n de divisas\u201d, aclar\u00f3 Francos.<\/p>\n\n\n\n<p>De este modo, la rebaja parcial de retenciones para productos del agro tiene vigencia hasta el 30 de junio y vencido ese plazo las al\u00edcuotas volver\u00e1n a los valores previos.<\/p>\n\n\n\n<p>\u201cLa informaci\u00f3n que yo ten\u00eda es que de la campa\u00f1a anterior hab\u00eda un 11 % que todav\u00eda no se hab\u00eda liquidado y de la actual solamente se hab\u00eda liquidado un 17%\u201d, se\u00f1al\u00f3.<\/p>\n\n\n\n<p>Seg\u00fan manifest\u00f3, la medida \u201cten\u00eda un doble sentido\u201d, por un lado \u201capoyar al agro en un momento complejo del clima\u201d y por otro lado recaudar divisas para robustecer el Banco Central.<\/p>\n\n\n\n<p>Finalizando, Francos reconoci\u00f3 que para el equipo econ\u00f3mico de Milei las retenciones son \u201cun p\u00e9simo impuesto\u201d y que el objetivo sigue siendo eliminarlas \u201co al menos bajarlas progresivamente\u201d.<\/p>\n","protected":false},"excerpt":{"rendered":"<p>El jefe de Gabinete, Guillermo Francos, reconoci&oacute; hoy que &ldquo;para generar una actividad incremental en el sector agropecuario la baja de retenciones ser&iacute;a un incentivo&rdquo;, aunque no realiz&oacute; anuncios despu&eacute;s que el presidente Javier Milei intimara al campo a liquidar divisas ya que en julio volver&aacute;n a aumentar los derechos de exportaci&oacute;n. &ldquo;Es un tema [&hellip;]<\/p>\n","protected":false},"author":2,"featured_media":12434,"comment_status":"open","ping_status":"open","sticky":false,"template":"","format":"standard","meta":{"footnotes":""},"categories":[5,176],"tags":[5758,5335,1256,310,329,232,2103],"class_list":["post-12433","post","type-post","status-publish","format-standard","has-post-thumbnail","hentry","category-nacionales","category-politica","tag-actividad","tag-agro","tag-bcra","tag-diputados","tag-guillermo-francos","tag-javier-milei","tag-retenciones"],"_links":{"self":[{"href":"https:\/\/partediario.com.ar\/index.php?rest_route=\/wp\/v2\/posts\/12433","targetHints":{"allow":["GET"]}}],"collection":[{"href":"https:\/\/partediario.com.ar\/index.php?rest_route=\/wp\/v2\/posts"}],"about":[{"href":"https:\/\/partediario.com.ar\/index.php?rest_route=\/wp\/v2\/types\/post"}],"author":[{"embeddable":true,"href":"https:\/\/partediario.com.ar\/index.php?rest_route=\/wp\/v2\/users\/2"}],"replies":[{"embeddable":true,"href":"https:\/\/partediario.com.ar\/index.php?rest_route=%2Fwp%2Fv2%2Fcomments&post=12433"}],"version-history":[{"count":1,"href":"https:\/\/partediario.com.ar\/index.php?rest_route=\/wp\/v2\/posts\/12433\/revisions"}],"predecessor-version":[{"id":12435,"href":"https:\/\/partediario.com.ar\/index.php?rest_route=\/wp\/v2\/posts\/12433\/revisions\/12435"}],"wp:featuredmedia":[{"embeddable":true,"href":"https:\/\/partediario.com.ar\/index.php?rest_route=\/wp\/v2\/media\/12434"}],"wp:attachment":[{"href":"https:\/\/partediario.com.ar\/index.php?rest_route=%2Fwp%2Fv2%2Fmedia&parent=12433"}],"wp:term":[{"taxonomy":"category","embeddable":true,"href":"https:\/\/partediario.com.ar\/index.php?rest_route=%2Fwp%2Fv2%2Fcategories&post=12433"},{"taxonomy":"post_tag","embeddable":true,"href":"https:\/\/partediario.com.ar\/index.php?rest_route=%2Fwp%2Fv2%2Ftags&post=12433"}],"curies":[{"name":"wp","href":"https:\/\/api.w.org\/{rel}","templated":true}]}}