{"id":12439,"date":"2025-04-18T13:00:21","date_gmt":"2025-04-18T16:00:21","guid":{"rendered":"https:\/\/partediario.com.ar\/?p=12439"},"modified":"2025-04-21T00:44:58","modified_gmt":"2025-04-21T03:44:58","slug":"juan-grabois-redoblo-criticas-a-javier-milei","status":"publish","type":"post","link":"https:\/\/partediario.com.ar\/?p=12439","title":{"rendered":"Juan Grabois redobl\u00f3 cr\u00edticas a Javier Milei"},"content":{"rendered":"\n<h2 class=\"wp-block-heading\">El dirigente del Frente Patria Grande, Juan Grabois, reapareci\u00f3 p\u00fablicamente este jueves tras haber sido atendido de urgencia en una guardia m\u00e9dica, y aprovech\u00f3 la oportunidad para denunciar la dif\u00edcil situaci\u00f3n del sistema de salud p\u00fablica y criticar duramente al gobierno de Javier Milei.<\/h2>\n\n\n\n<p>\u201cEl sistema de salud que supo ser el orgullo de la Argentina ya estaba en crisis. Ahora lo est\u00e1n intentando matar\u201d, destac\u00f3 Grabois en un extenso mensaje publicado en redes sociales. El referente social aclar\u00f3 que se encuentra en buen estado de salud, que no fue internado, y que el diagn\u00f3stico coronario que circul\u00f3 fue \u201ccompletamente falso\u201d.<\/p>\n\n\n\n<p><\/p>\n\n\n\n<blockquote class=\"twitter-tweet\"><p lang=\"es\" dir=\"ltr\">Parte m\u00e9dico <br><br>A lo largo y a lo ancho de nuestro pa\u00eds hay gente que est\u00e1 sufriendo mucho, en hospitales sin medicamentos ni personal suficiente. Ancianos aguardando una cama tirados en la sala de espera. Malos tratos, suciedad, techos que se caen a pedazos, meses para hacer un\u2026<\/p>&mdash; Juan Grabois (@JuanGrabois) <a href=\"https:\/\/twitter.com\/JuanGrabois\/status\/1913035629136314869?ref_src=twsrc%5Etfw\">April 18, 2025<\/a><\/blockquote> <script async src=\"https:\/\/platform.twitter.com\/widgets.js\" charset=\"utf-8\"><\/script>\n\n\n\n<p><\/p>\n\n\n\n<p>Grabois fue atendido en la guardia del hospital CEMIC de Saavedra, donde le llevaron a cabo estudios de rutina tras un dolor en el pecho. Fuentes cercanas al dirigente informaron que no permaneci\u00f3 hospitalizado y que fue dado de alta horas despu\u00e9s.<\/p>\n\n\n\n<p>En su posteo, Grabois denunci\u00f3 la situaci\u00f3n de hospitales p\u00fablicos con falta de personal, medicamentos, y malas condiciones edilicias. \u201cHay ancianos esperando una cama tirados en la guardia, techos que se caen a pedazos, meses para un estudio, comida inadecuada. Le sacaron los remedios a los jubilados\u201d, asever\u00f3.<\/p>\n\n\n\n<p>Adem\u00e1s manifest\u00f3 su reconocimiento a trabajadores del sistema de salud: \u201cCamilleros, enfermeras, personal de limpieza, kinesi\u00f3logos. Ellos son el coraz\u00f3n del sistema, aunque los traten como de segunda\u201d.<\/p>\n\n\n\n<p class=\"has-medium-font-size\"><strong>Finalizando brind\u00f3 un mensaje para quienes se alegraron por su malestar:<\/strong><\/p>\n\n\n\n<p>\u201cLamento decirles que ac\u00e1 estamos para seguir combati\u00e9ndolos un largo rato, hasta el \u00faltimo suspiro. No nos van a ganar porque nosotros no nos rendimos nunca\u201d, concluy\u00f3.<\/p>\n","protected":false},"excerpt":{"rendered":"<p>El dirigente del Frente Patria Grande, Juan Grabois, reapareci&oacute; p&uacute;blicamente este jueves tras haber sido atendido de urgencia en una guardia m&eacute;dica, y aprovech&oacute; la oportunidad para denunciar la dif&iacute;cil situaci&oacute;n del sistema de salud p&uacute;blica y criticar duramente al gobierno de Javier Milei. &ldquo;El sistema de salud que supo ser el orgullo de la [&hellip;]<\/p>\n","protected":false},"author":2,"featured_media":12440,"comment_status":"open","ping_status":"open","sticky":false,"template":"","format":"standard","meta":{"footnotes":""},"categories":[5,176],"tags":[1461,232,395],"class_list":["post-12439","post","type-post","status-publish","format-standard","has-post-thumbnail","hentry","category-nacionales","category-politica","tag-criticas","tag-javier-milei","tag-juan-grabois"],"_links":{"self":[{"href":"https:\/\/partediario.com.ar\/index.php?rest_route=\/wp\/v2\/posts\/12439","targetHints":{"allow":["GET"]}}],"collection":[{"href":"https:\/\/partediario.com.ar\/index.php?rest_route=\/wp\/v2\/posts"}],"about":[{"href":"https:\/\/partediario.com.ar\/index.php?rest_route=\/wp\/v2\/types\/post"}],"author":[{"embeddable":true,"href":"https:\/\/partediario.com.ar\/index.php?rest_route=\/wp\/v2\/users\/2"}],"replies":[{"embeddable":true,"href":"https:\/\/partediario.com.ar\/index.php?rest_route=%2Fwp%2Fv2%2Fcomments&post=12439"}],"version-history":[{"count":1,"href":"https:\/\/partediario.com.ar\/index.php?rest_route=\/wp\/v2\/posts\/12439\/revisions"}],"predecessor-version":[{"id":12441,"href":"https:\/\/partediario.com.ar\/index.php?rest_route=\/wp\/v2\/posts\/12439\/revisions\/12441"}],"wp:featuredmedia":[{"embeddable":true,"href":"https:\/\/partediario.com.ar\/index.php?rest_route=\/wp\/v2\/media\/12440"}],"wp:attachment":[{"href":"https:\/\/partediario.com.ar\/index.php?rest_route=%2Fwp%2Fv2%2Fmedia&parent=12439"}],"wp:term":[{"taxonomy":"category","embeddable":true,"href":"https:\/\/partediario.com.ar\/index.php?rest_route=%2Fwp%2Fv2%2Fcategories&post=12439"},{"taxonomy":"post_tag","embeddable":true,"href":"https:\/\/partediario.com.ar\/index.php?rest_route=%2Fwp%2Fv2%2Ftags&post=12439"}],"curies":[{"name":"wp","href":"https:\/\/api.w.org\/{rel}","templated":true}]}}