{"id":12442,"date":"2025-04-18T13:09:27","date_gmt":"2025-04-18T16:09:27","guid":{"rendered":"https:\/\/partediario.com.ar\/?p=12442"},"modified":"2025-04-21T00:44:54","modified_gmt":"2025-04-21T03:44:54","slug":"luego-de-los-anuncios-sobre-reduccion-de-organismos-publicos-desde-ate-apuntan-los-vamos-a-echar-a-ellos","status":"publish","type":"post","link":"https:\/\/partediario.com.ar\/?p=12442","title":{"rendered":"Luego de los anuncios sobre reducci\u00f3n de organismos p\u00fablicos, desde ATE apuntan: \u201cLos vamos a echar a ellos\u201d"},"content":{"rendered":"\n<h2 class=\"wp-block-heading\">Tras los anuncios del presidente Javier Milei sobre la inminente eliminaci\u00f3n de organismos p\u00fablicos, el secretario general de Asociaci\u00f3n Trabajadores del Estado (ATE), Rodolfo Aguiar, alert\u00f3 que el Gobierno est\u00e1 perdiendo popularidad y que \u201cest\u00e1 cada d\u00eda m\u00e1s cerca el momento\u201d en que la sociedad \u201cechar\u00e1\u201d a los actuales funcionarios.<\/h2>\n\n\n\n<p>Si bien ademiti\u00f3 que al principio la administraci\u00f3n libertaria tuvo cierto apoyo popular para avanzar sobre el Estado, indic\u00f3 que \u201cun a\u00f1o y medio despu\u00e9s ellos est\u00e1n cada vez peor y a nosotros nos valoran m\u00e1s\u201d.<\/p>\n\n\n\n<p>\u201cEst\u00e1 cada d\u00eda mas cerca el momento en que los echemos a ellos. Van a quedar en la calle, van a sentir en carne propia el sentimiento que con tanta crueldad nos han generado\u201d, manifest\u00f3 el dirigente de la CTA en declaraciones radiales.<\/p>\n\n\n\n<p>En esta l\u00ednea, Aguiar indic\u00f3 que en este \u201cmomento particular\u201d con un gobierno que \u201cpierde consenso social\u201d, los movimientos sociales, pol\u00edticos y sindicales no deben \u201cdarle tregua\u201d.<\/p>\n\n\n\n<p>\u201cEsas expectativas de buena parte de la poblaci\u00f3n empiezan a desaparecer y mucho ha tenido que ver la lucha en la calle y la disputa de sentido que hemos levado adelante\u201d, agreg\u00f3.<\/p>\n\n\n\n<p>\u201cEstamos en un momento particular, un momento en el que el gobierno pierde consenso social, por eso no le tenemos que dar tregua y desde ATE dijimos que el 23 de este mes (habr\u00e1) protesta simult\u00e1nea en todos los organismos p\u00fablicos\u00bb, subray\u00f3.<\/p>\n\n\n\n<p>Seg\u00fan el l\u00edder del gremio estatal, \u00abnunca fue tan evidente el recorte de salarios en el sector p\u00fablico\u201d.<\/p>\n\n\n\n<p>\u201cEl Gobierno festeja que ahorr\u00f3 con las cesant\u00edas masivas ilegales que se llev\u00f3 adelante hasta ahora 1350 millones de d\u00f3lares. Nadie nos dice a donde van a parar los ahorros que ejecutan en el Estado\u201d, apunt\u00f3.<\/p>\n\n\n\n<p>\u201cContrariamente es un Gobierno que no construy\u00f3 ni 10 metros de asfalto ni cambio una lamparita de un alambrado p\u00fablico\u201d, critic\u00f3.<\/p>\n\n\n\n<p>Seg\u00fan Aguiar, \u201cnos gobiernan CEOs fracasados que nos est\u00e1n saliendo muy caro a todas las argentinos y argentinas\u201d.<\/p>\n\n\n\n<p>Adem\u00e1s aprovech\u00f3 para cuestionar fuertemente a UPCN, el sindicato estatal que se sienta en el paritaria con el Gobierno a acordar salarios y que rivaliza con ATE en el sector.<\/p>\n\n\n\n<p>\u201cEl viernes a la ma\u00f1ana firmaron un 1% y a la tarde se difundi\u00f3 un 4% de inflaci\u00f3n. Ah\u00ed anda el sindicato que firm\u00f3 como arrepentido numero uno diciendo que le abran las paritarias\u201d, se\u00f1al\u00f3.<\/p>\n\n\n\n<p>Aguiar cuestion\u00f3 el nuevo programa econ\u00f3mico del Gobierno y advirti\u00f3 sobre una aceleraci\u00f3n de la inflaci\u00f3n.<\/p>\n\n\n\n<p>\u201cPor estas horas ha existido una remarcaci\u00f3n generalizada de todos los precios de la econom\u00eda que golpean los deteriorados salarios y jubilaciones\u201d, finaliz\u00f3.<\/p>\n","protected":false},"excerpt":{"rendered":"<p>Tras los anuncios del presidente Javier Milei sobre la inminente eliminaci&oacute;n de organismos p&uacute;blicos, el secretario general de Asociaci&oacute;n Trabajadores del Estado (ATE), Rodolfo Aguiar, alert&oacute; que el Gobierno est&aacute; perdiendo popularidad y que &ldquo;est&aacute; cada d&iacute;a m&aacute;s cerca el momento&rdquo; en que la sociedad &ldquo;echar&aacute;&rdquo; a los actuales funcionarios. Si bien ademiti&oacute; que al [&hellip;]<\/p>\n","protected":false},"author":2,"featured_media":12443,"comment_status":"open","ping_status":"open","sticky":false,"template":"","format":"standard","meta":{"footnotes":""},"categories":[978,5,176],"tags":[219,1461,232,1279,1921],"class_list":["post-12442","post","type-post","status-publish","format-standard","has-post-thumbnail","hentry","category-gremiales","category-nacionales","category-politica","tag-ate","tag-criticas","tag-javier-milei","tag-rodolfo-aguiar","tag-upcn"],"_links":{"self":[{"href":"https:\/\/partediario.com.ar\/index.php?rest_route=\/wp\/v2\/posts\/12442","targetHints":{"allow":["GET"]}}],"collection":[{"href":"https:\/\/partediario.com.ar\/index.php?rest_route=\/wp\/v2\/posts"}],"about":[{"href":"https:\/\/partediario.com.ar\/index.php?rest_route=\/wp\/v2\/types\/post"}],"author":[{"embeddable":true,"href":"https:\/\/partediario.com.ar\/index.php?rest_route=\/wp\/v2\/users\/2"}],"replies":[{"embeddable":true,"href":"https:\/\/partediario.com.ar\/index.php?rest_route=%2Fwp%2Fv2%2Fcomments&post=12442"}],"version-history":[{"count":1,"href":"https:\/\/partediario.com.ar\/index.php?rest_route=\/wp\/v2\/posts\/12442\/revisions"}],"predecessor-version":[{"id":12444,"href":"https:\/\/partediario.com.ar\/index.php?rest_route=\/wp\/v2\/posts\/12442\/revisions\/12444"}],"wp:featuredmedia":[{"embeddable":true,"href":"https:\/\/partediario.com.ar\/index.php?rest_route=\/wp\/v2\/media\/12443"}],"wp:attachment":[{"href":"https:\/\/partediario.com.ar\/index.php?rest_route=%2Fwp%2Fv2%2Fmedia&parent=12442"}],"wp:term":[{"taxonomy":"category","embeddable":true,"href":"https:\/\/partediario.com.ar\/index.php?rest_route=%2Fwp%2Fv2%2Fcategories&post=12442"},{"taxonomy":"post_tag","embeddable":true,"href":"https:\/\/partediario.com.ar\/index.php?rest_route=%2Fwp%2Fv2%2Ftags&post=12442"}],"curies":[{"name":"wp","href":"https:\/\/api.w.org\/{rel}","templated":true}]}}