{"id":12448,"date":"2025-04-18T13:37:53","date_gmt":"2025-04-18T16:37:53","guid":{"rendered":"https:\/\/partediario.com.ar\/?p=12448"},"modified":"2025-04-21T00:44:46","modified_gmt":"2025-04-21T03:44:46","slug":"diputada-nacional-que-salio-del-pro-senalo-que-por-el-momento-no-se-unira-a-lla","status":"publish","type":"post","link":"https:\/\/partediario.com.ar\/?p=12448","title":{"rendered":"Diputada nacional que sali\u00f3 del PRO, se\u00f1al\u00f3 que \u201cpor el momento\u201d no se unir\u00e1 a LLA"},"content":{"rendered":"\n<h2 class=\"wp-block-heading\">La diputada nacional por Santa Fe Ver\u00f3nica Razzini, quien junto a su comprovinciano Gabriel Chumpitaz dej\u00f3 la bancada del PRO para conformar el flamante bloque \u201cFuturo y Libertad\u201d, aclar\u00f3 hoy que \u201cpor el momento\u201d no se sumar\u00e1n a La Libertad Avanza, sin embargo tampoco lo descart\u00f3 a futuro.<\/h2>\n\n\n\n<p>\u201cPor el momento, no lo tenemos pensado. No es algo que estemos evaluando\u201d, manifest\u00f3 sobre una hipot\u00e9tica incorporaci\u00f3n a las filas oficilistas.<\/p>\n\n\n\n<p>Sin embargo, no cerr\u00f3 del todo la posibilidad para m\u00e1s adelante: \u00abNo est\u00e1 de m\u00e1s dejar las puertas abiertas a un v\u00ednculo que sirva para sumar. Creemos en el cambio profundo que se comenz\u00f3 en Argentina y vamos a estar para sumar\u00bb, se\u00f1al\u00f3 al respecto.<\/p>\n\n\n\n<p>En declaraciones radiales, Razzini atribuy\u00f3 la decisi\u00f3n que tom\u00f3 junto a Chumpitaz a una cuesti\u00f3n \u201cnetamente local\u201d y provincial, ya que no ve\u00edan \u201cposibilidad de crecimiento personal\u201d dentro del PRO.<\/p>\n\n\n\n<p>\u201cLa idea es poder crecer y armar nuestra fuerza local. Somos rosarinos. Gabriel tiene un proyecto de ser intendente en 2027 y lo vengo acompa\u00f1ando en ese sentido desde hace un tiempo. Vamos a ir por ese lado. Tener nuestra propia impronta nos va a dar much\u00edsima m\u00e1s fuerza y eso es lo que queremos\u201d, expres\u00f3.<\/p>\n\n\n\n<p>Seg\u00fan dijo, \u201cen el PRO estaban m\u00e1s concentrados en otros temas\u201d y no les daban \u201cel espacio\u201d que ped\u00edan.<\/p>\n\n\n\n<p>\u00abTuvimos conversaciones durante algunos meses. No fue una decisi\u00f3n intempestiva. Tratamos de encontrar espacios alternativos, lugares, pero no pudo ser posible, y esta es una de las posibilidades que pod\u00edan suceder\u00bb, mencion\u00f3.<\/p>\n\n\n\n<p>No obstante, Razzini aclar\u00f3 que \u201cest\u00e1 todo mas que bien con Cristian (Ritondo, jefe del bloque del PRO), que es un l\u00edder espectacular\u201d y con el cual asever\u00f3 que \u201caprendi\u00f3 mucho\u201d en estos a\u00f1os compartidos.<\/p>\n\n\n\n<p>\u00abVamos a seguir con nuestras convicciones y acompa\u00f1ando el rumbo del gobierno como ven\u00edamos haciendo hasta ac\u00e1\u00bb, destac\u00f3 y se\u00f1al\u00f3 que seguir\u00e1 siendo parte del bloque amarillo hasta el 1 de Mayo.<\/p>\n\n\n\n<p>La diputada nacional expres\u00f3 adem\u00e1s que ni Chumpitaz ni ella tienen intenci\u00f3n de \u201cgenerar una puja con ninguno de los partidos importantes\u201d, en referencia al PRO y LLA.<\/p>\n\n\n\n<p>Razzini aclar\u00f3 que en la decisi\u00f3n no pes\u00f3 en absoluto la disputa entre el presidente Javier Milei y el titular del PRO, Mauricio Macri, ya que esa esa es una discusi\u00f3n de poder m\u00e1s vinculada a la regi\u00f3n AMBA.<\/p>\n\n\n\n<p>\u201cEs una discusi\u00f3n donde Santa Fe no entra muy de lleno\u201d, se\u00f1al\u00f3 la legisladora nacional, quien afirm\u00f3 que con Chumpitaz prefieren \u201cmantener el v\u00ednculo con ambas partes\u201d.<\/p>\n\n\n\n<p>\u201cCreo que tenemos que seguir siendo aliados con La Libertad Avanza, como hemos sido hasta ac\u00e1. En eso no tenemos dudas. Estamos c\u00f3modos como estamos\u201d, remarc\u00f3.<\/p>\n\n\n\n<p>\u201cTrabaj\u00e9 muy bien con la gente de LLA, con la gente del gobierno, mis proyectos presentados tuvieron siempre muy buena respuesta, como tambi\u00e9n la tuve con el PRO. El a\u00f1o pasado me sent\u00ed muy c\u00f3moda con ambos espacios\u201d, concluy\u00f3.<\/p>\n","protected":false},"excerpt":{"rendered":"<p>La diputada nacional por Santa Fe Ver&oacute;nica Razzini, quien junto a su comprovinciano Gabriel Chumpitaz dej&oacute; la bancada del PRO para conformar el flamante bloque &ldquo;Futuro y Libertad&rdquo;, aclar&oacute; hoy que &ldquo;por el momento&rdquo; no se sumar&aacute;n a La Libertad Avanza, sin embargo tampoco lo descart&oacute; a futuro. &ldquo;Por el momento, no lo tenemos pensado. [&hellip;]<\/p>\n","protected":false},"author":2,"featured_media":12449,"comment_status":"open","ping_status":"open","sticky":false,"template":"","format":"standard","meta":{"footnotes":""},"categories":[5,176],"tags":[3151,5767,393,2062,264,5766],"class_list":["post-12448","post","type-post","status-publish","format-standard","has-post-thumbnail","hentry","category-nacionales","category-politica","tag-cristian-ritondo","tag-gabriel-chumpiyaz","tag-lla","tag-pro","tag-santa-fe","tag-veronica-razzini"],"_links":{"self":[{"href":"https:\/\/partediario.com.ar\/index.php?rest_route=\/wp\/v2\/posts\/12448","targetHints":{"allow":["GET"]}}],"collection":[{"href":"https:\/\/partediario.com.ar\/index.php?rest_route=\/wp\/v2\/posts"}],"about":[{"href":"https:\/\/partediario.com.ar\/index.php?rest_route=\/wp\/v2\/types\/post"}],"author":[{"embeddable":true,"href":"https:\/\/partediario.com.ar\/index.php?rest_route=\/wp\/v2\/users\/2"}],"replies":[{"embeddable":true,"href":"https:\/\/partediario.com.ar\/index.php?rest_route=%2Fwp%2Fv2%2Fcomments&post=12448"}],"version-history":[{"count":1,"href":"https:\/\/partediario.com.ar\/index.php?rest_route=\/wp\/v2\/posts\/12448\/revisions"}],"predecessor-version":[{"id":12450,"href":"https:\/\/partediario.com.ar\/index.php?rest_route=\/wp\/v2\/posts\/12448\/revisions\/12450"}],"wp:featuredmedia":[{"embeddable":true,"href":"https:\/\/partediario.com.ar\/index.php?rest_route=\/wp\/v2\/media\/12449"}],"wp:attachment":[{"href":"https:\/\/partediario.com.ar\/index.php?rest_route=%2Fwp%2Fv2%2Fmedia&parent=12448"}],"wp:term":[{"taxonomy":"category","embeddable":true,"href":"https:\/\/partediario.com.ar\/index.php?rest_route=%2Fwp%2Fv2%2Fcategories&post=12448"},{"taxonomy":"post_tag","embeddable":true,"href":"https:\/\/partediario.com.ar\/index.php?rest_route=%2Fwp%2Fv2%2Ftags&post=12448"}],"curies":[{"name":"wp","href":"https:\/\/api.w.org\/{rel}","templated":true}]}}