{"id":12451,"date":"2025-04-18T13:42:18","date_gmt":"2025-04-18T16:42:18","guid":{"rendered":"https:\/\/partediario.com.ar\/?p=12451"},"modified":"2025-04-21T00:44:43","modified_gmt":"2025-04-21T03:44:43","slug":"el-consumo-sigue-deprimido-manifesto-representante-de-almaceneros-bonaerenses","status":"publish","type":"post","link":"https:\/\/partediario.com.ar\/?p=12451","title":{"rendered":"\u201cEl consumo sigue deprimido\u201d, manifest\u00f3 representante de almaceneros bonaerenses"},"content":{"rendered":"\n<h2 class=\"wp-block-heading\">Fernando Savore, presidente de la Federaci\u00f3n de Almaceneros de la provincia de Buenos Aires, destac\u00f3 que si bien al inicio de la semana no hubo aumento de precios, marzo fue \u00abtremendo\u00bb en cuanto a incrementos, con repercusiones en la primera semana de abril, y asegur\u00f3 que el consumo sigue deprimido.<\/h2>\n\n\n\n<p>Savore consider\u00f3 que estos aumentos ya hab\u00edan sido calculados por los \u00abgrandes monopolios o oligopolios\u00bb.<\/p>\n\n\n\n<p>El comerciante argument\u00f3 que el consumo sigue \u201cdeprimido\u201d y revel\u00f3 que en una encuesta informal entre sus clientes de confianza encontr\u00f3 que, despu\u00e9s de cubrir gastos esenciales, les queda aproximadamente un \u00ab40%\u00bb de sus ingresos para el resto del mes.<\/p>\n\n\n\n<p>En este contexto, Savore se\u00f1al\u00f3 que \u00abtodo aumento en un bolsillo tan sensible es la \u00faltima gota que derrama el vaso\u00bb.<\/p>\n\n\n\n<p>Un cambio significativo es el paso de los consumidores de las primeras marcas a la \u201cmarca pyme\u201d, agreg\u00f3.<\/p>\n\n\n\n<p>A modo de ejemplo, mencion\u00f3 que un pan lactal de primera marca se vende alrededor de $ 5.000, mientras que opciones de empresas pyme se ofrecen a $ 2.200.<\/p>\n\n\n\n<p>Esta tendencia se observa en otros productos como galletitas, fideos y mermeladas. La cantidad de pan lactal de primera marca que vende es menor en comparaci\u00f3n con las marcas pyme, lo que refleja la disposici\u00f3n limitada del p\u00fablico a pagar precios m\u00e1s altos, dijo.<\/p>\n\n\n\n<p>Savore mencion\u00f3 sobre una empresa de gaseosas que decidi\u00f3 \u00abbajar el precio de la gaseosa, la de 2 L para vender en $ 2.000 pesos\u00bb.<\/p>\n\n\n\n<p>No obstante, se\u00f1al\u00f3 que el \u201cel primer reflejo no es competir, el primer reflejo es aumentar\u201d.<\/p>\n\n\n\n<p>A pesar de esto, Savore subray\u00f3 que \u201cel \u00faltimo que tiene la palabra es el consumidor\u201d, quien decide qu\u00e9 comprar.<\/p>\n","protected":false},"excerpt":{"rendered":"<p>Fernando Savore, presidente de la Federaci&oacute;n de Almaceneros de la provincia de Buenos Aires, destac&oacute; que si bien al inicio de la semana no hubo aumento de precios, marzo fue &laquo;tremendo&raquo; en cuanto a incrementos, con repercusiones en la primera semana de abril, y asegur&oacute; que el consumo sigue deprimido. Savore consider&oacute; que estos aumentos [&hellip;]<\/p>\n","protected":false},"author":2,"featured_media":12452,"comment_status":"open","ping_status":"open","sticky":false,"template":"","format":"standard","meta":{"footnotes":""},"categories":[176,726],"tags":[5770,1525,5769,2867,5768],"class_list":["post-12451","post","type-post","status-publish","format-standard","has-post-thumbnail","hentry","category-politica","category-sociedad","tag-almaceneros","tag-consumo","tag-deprimido","tag-federacion","tag-fernando-savore"],"_links":{"self":[{"href":"https:\/\/partediario.com.ar\/index.php?rest_route=\/wp\/v2\/posts\/12451","targetHints":{"allow":["GET"]}}],"collection":[{"href":"https:\/\/partediario.com.ar\/index.php?rest_route=\/wp\/v2\/posts"}],"about":[{"href":"https:\/\/partediario.com.ar\/index.php?rest_route=\/wp\/v2\/types\/post"}],"author":[{"embeddable":true,"href":"https:\/\/partediario.com.ar\/index.php?rest_route=\/wp\/v2\/users\/2"}],"replies":[{"embeddable":true,"href":"https:\/\/partediario.com.ar\/index.php?rest_route=%2Fwp%2Fv2%2Fcomments&post=12451"}],"version-history":[{"count":1,"href":"https:\/\/partediario.com.ar\/index.php?rest_route=\/wp\/v2\/posts\/12451\/revisions"}],"predecessor-version":[{"id":12453,"href":"https:\/\/partediario.com.ar\/index.php?rest_route=\/wp\/v2\/posts\/12451\/revisions\/12453"}],"wp:featuredmedia":[{"embeddable":true,"href":"https:\/\/partediario.com.ar\/index.php?rest_route=\/wp\/v2\/media\/12452"}],"wp:attachment":[{"href":"https:\/\/partediario.com.ar\/index.php?rest_route=%2Fwp%2Fv2%2Fmedia&parent=12451"}],"wp:term":[{"taxonomy":"category","embeddable":true,"href":"https:\/\/partediario.com.ar\/index.php?rest_route=%2Fwp%2Fv2%2Fcategories&post=12451"},{"taxonomy":"post_tag","embeddable":true,"href":"https:\/\/partediario.com.ar\/index.php?rest_route=%2Fwp%2Fv2%2Ftags&post=12451"}],"curies":[{"name":"wp","href":"https:\/\/api.w.org\/{rel}","templated":true}]}}