{"id":12454,"date":"2025-04-18T13:49:14","date_gmt":"2025-04-18T16:49:14","guid":{"rendered":"https:\/\/partediario.com.ar\/?p=12454"},"modified":"2025-04-21T00:44:39","modified_gmt":"2025-04-21T03:44:39","slug":"los-precios-vamos-a-ser-record-historico-por-lo-caro-en-dolares-que-estamos-apunto-carlos-maslaton","status":"publish","type":"post","link":"https:\/\/partediario.com.ar\/?p=12454","title":{"rendered":"Los precios: \u201cVamos a ser r\u00e9cord hist\u00f3rico por lo caro en d\u00f3lares que estamos\u201d, apunt\u00f3 Carlos Maslat\u00f3n"},"content":{"rendered":"\n<h2 class=\"wp-block-heading\">El abogado y analista financiero Carlos Maslat\u00f3n afirm\u00f3 este jueves que \u201cArgentina est\u00e1 atravesando un momento r\u00e9cord por lo cara que est\u00e1 en d\u00f3lares\u201d y critic\u00f3 duramente la pol\u00edtica econ\u00f3mica del gobierno de Javier Milei, al que acus\u00f3 de repetir los errores del pasado.<\/h2>\n\n\n\n<p>\u201cEste plan econ\u00f3mico es el mismo que el de 1979-1981, el \u00faltimo a\u00f1o de Alfons\u00edn y Macri cuando revent\u00f3 todo\u201d, asegur\u00f3 en di\u00e1logo con Fabi\u00e1n Doman en el programa \u201cEnsobrados\u201d por Splendid AM 990.<\/p>\n\n\n\n<p>Maslat\u00f3n alert\u00f3 que si el tipo de cambio \u201csube a $1400, van a comprar todo lo que quieran vender\u201d y adverti\u00f3 sobre los efectos de la actual estrategia financiera: \u201cLa deuda aumenta porque se paga con fondos p\u00fablicos. Nos estamos endeudando, el tipo de cambio est\u00e1 subsidiado, y este plan termina como siempre\u201d, destac\u00f3.<\/p>\n\n\n\n<p>En la entrevista, adem\u00e1s precis\u00f3:\u201cTen\u00e9s inflaci\u00f3n porque se sigue emitiendo, y la emisi\u00f3n no es solo en papel. La paga de intereses tambi\u00e9n es emisi\u00f3n\u201d. Seg\u00fan su an\u00e1lisis, el \u201ccarry trade\u201d que recomienda el gobierno implica beneficios para algunos sectores mientras \u201cel pueblo sufre\u201d.<\/p>\n\n\n\n<p>Maslat\u00f3n cuestion\u00f3 que \u201cla idea del gobierno es aguantar hasta las elecciones\u201d y que \u201cen la Casa Rosada hay mucha locura, son una secta\u201d.<\/p>\n","protected":false},"excerpt":{"rendered":"<p>El abogado y analista financiero Carlos Maslat&oacute;n afirm&oacute; este jueves que &ldquo;Argentina est&aacute; atravesando un momento r&eacute;cord por lo cara que est&aacute; en d&oacute;lares&rdquo; y critic&oacute; duramente la pol&iacute;tica econ&oacute;mica del gobierno de Javier Milei, al que acus&oacute; de repetir los errores del pasado. &ldquo;Este plan econ&oacute;mico es el mismo que el de 1979-1981, el [&hellip;]<\/p>\n","protected":false},"author":2,"featured_media":12456,"comment_status":"open","ping_status":"open","sticky":false,"template":"","format":"standard","meta":{"footnotes":""},"categories":[5,176],"tags":[5771,232,2504],"class_list":["post-12454","post","type-post","status-publish","format-standard","has-post-thumbnail","hentry","category-nacionales","category-politica","tag-carlos-maslaton","tag-javier-milei","tag-precios"],"_links":{"self":[{"href":"https:\/\/partediario.com.ar\/index.php?rest_route=\/wp\/v2\/posts\/12454","targetHints":{"allow":["GET"]}}],"collection":[{"href":"https:\/\/partediario.com.ar\/index.php?rest_route=\/wp\/v2\/posts"}],"about":[{"href":"https:\/\/partediario.com.ar\/index.php?rest_route=\/wp\/v2\/types\/post"}],"author":[{"embeddable":true,"href":"https:\/\/partediario.com.ar\/index.php?rest_route=\/wp\/v2\/users\/2"}],"replies":[{"embeddable":true,"href":"https:\/\/partediario.com.ar\/index.php?rest_route=%2Fwp%2Fv2%2Fcomments&post=12454"}],"version-history":[{"count":1,"href":"https:\/\/partediario.com.ar\/index.php?rest_route=\/wp\/v2\/posts\/12454\/revisions"}],"predecessor-version":[{"id":12457,"href":"https:\/\/partediario.com.ar\/index.php?rest_route=\/wp\/v2\/posts\/12454\/revisions\/12457"}],"wp:featuredmedia":[{"embeddable":true,"href":"https:\/\/partediario.com.ar\/index.php?rest_route=\/wp\/v2\/media\/12456"}],"wp:attachment":[{"href":"https:\/\/partediario.com.ar\/index.php?rest_route=%2Fwp%2Fv2%2Fmedia&parent=12454"}],"wp:term":[{"taxonomy":"category","embeddable":true,"href":"https:\/\/partediario.com.ar\/index.php?rest_route=%2Fwp%2Fv2%2Fcategories&post=12454"},{"taxonomy":"post_tag","embeddable":true,"href":"https:\/\/partediario.com.ar\/index.php?rest_route=%2Fwp%2Fv2%2Ftags&post=12454"}],"curies":[{"name":"wp","href":"https:\/\/api.w.org\/{rel}","templated":true}]}}