{"id":12493,"date":"2025-04-21T09:13:59","date_gmt":"2025-04-21T12:13:59","guid":{"rendered":"https:\/\/partediario.com.ar\/?p=12493"},"modified":"2025-04-22T21:28:45","modified_gmt":"2025-04-23T00:28:45","slug":"la-ciudad-de-buenos-aires-despidio-al-papa-francisco-con-una-misa-en-la-catedral","status":"publish","type":"post","link":"https:\/\/partediario.com.ar\/?p=12493","title":{"rendered":"La Ciudad de Buenos Aires despidi\u00f3 al Papa Francisco con una misa en la Catedral"},"content":{"rendered":"\n<h2 class=\"wp-block-heading\">La Iglesia Cat\u00f3lica despedi\u00f3 al Papa Francisco con una misa en su honor que fue oficiada por el arzobispo Jorge Garc\u00eda Cuerva en la Catedral de la Ciudad de Buenos Aires.<\/h2>\n\n\n\n<p>La ceremonia comenz\u00f3 a las 8.30 y contar\u00e1 con la participaci\u00f3n del jefe de Gobierno porte\u00f1o, Jorge Macri, quien public\u00f3 un emotivo mensaje tras el fallecimiento del Santo Padre.<\/p>\n\n\n\n<p>A trav\u00e9s de su cuenta de X, el dirigente del PRO expres\u00f3: \u00abProfundo dolor por el fallecimiento del Papa Francisco. Un porte\u00f1o que trascendi\u00f3 fronteras y llev\u00f3 su mensaje de paz, justicia y humildad al mundo entero\u00bb.<\/p>\n\n\n\n<p>Y agreg\u00f3: \u00abSu legado nos seguir\u00e1 iluminando a muchos. Es un momento de infinita tristeza para la comunidad cat\u00f3lica en particular, pero para toda la humanidad en general\u00bb.<\/p>\n\n\n\n<p>Jorge Mario Bergoglio se desempe\u00f1o como Arzobispo de Buenos Aires durante 15 a\u00f1os, desde 1998 hasta el 2013, cuando inici\u00f3 su mandato como Santo Padre.<\/p>\n\n\n\n<p>Desde el entorno del presidente Javier Milei, por estas horas, descartaron su participaci\u00f3n en la ceremonia que se desarrollar\u00e1 a metros de Casa Rosada.<\/p>\n","protected":false},"excerpt":{"rendered":"<p>La Iglesia Cat&oacute;lica despedi&oacute; al Papa Francisco con una misa en su honor que fue oficiada por el arzobispo Jorge Garc&iacute;a Cuerva en la Catedral de la Ciudad de Buenos Aires. La ceremonia comenz&oacute; a las 8.30 y contar&aacute; con la participaci&oacute;n del jefe de Gobierno porte&ntilde;o, Jorge Macri, quien public&oacute; un emotivo mensaje tras [&hellip;]<\/p>\n","protected":false},"author":2,"featured_media":12494,"comment_status":"open","ping_status":"open","sticky":false,"template":"","format":"standard","meta":{"footnotes":""},"categories":[5,726],"tags":[721,5789,1024,5277,5536,5787,3222],"class_list":["post-12493","post","type-post","status-publish","format-standard","has-post-thumbnail","hentry","category-nacionales","category-sociedad","tag-buenos-aires","tag-catedral","tag-fallecimiento","tag-francisco","tag-jorge-garcia-cuerva","tag-misa","tag-papa"],"_links":{"self":[{"href":"https:\/\/partediario.com.ar\/index.php?rest_route=\/wp\/v2\/posts\/12493","targetHints":{"allow":["GET"]}}],"collection":[{"href":"https:\/\/partediario.com.ar\/index.php?rest_route=\/wp\/v2\/posts"}],"about":[{"href":"https:\/\/partediario.com.ar\/index.php?rest_route=\/wp\/v2\/types\/post"}],"author":[{"embeddable":true,"href":"https:\/\/partediario.com.ar\/index.php?rest_route=\/wp\/v2\/users\/2"}],"replies":[{"embeddable":true,"href":"https:\/\/partediario.com.ar\/index.php?rest_route=%2Fwp%2Fv2%2Fcomments&post=12493"}],"version-history":[{"count":1,"href":"https:\/\/partediario.com.ar\/index.php?rest_route=\/wp\/v2\/posts\/12493\/revisions"}],"predecessor-version":[{"id":12495,"href":"https:\/\/partediario.com.ar\/index.php?rest_route=\/wp\/v2\/posts\/12493\/revisions\/12495"}],"wp:featuredmedia":[{"embeddable":true,"href":"https:\/\/partediario.com.ar\/index.php?rest_route=\/wp\/v2\/media\/12494"}],"wp:attachment":[{"href":"https:\/\/partediario.com.ar\/index.php?rest_route=%2Fwp%2Fv2%2Fmedia&parent=12493"}],"wp:term":[{"taxonomy":"category","embeddable":true,"href":"https:\/\/partediario.com.ar\/index.php?rest_route=%2Fwp%2Fv2%2Fcategories&post=12493"},{"taxonomy":"post_tag","embeddable":true,"href":"https:\/\/partediario.com.ar\/index.php?rest_route=%2Fwp%2Fv2%2Ftags&post=12493"}],"curies":[{"name":"wp","href":"https:\/\/api.w.org\/{rel}","templated":true}]}}