{"id":12496,"date":"2025-04-21T11:34:37","date_gmt":"2025-04-21T14:34:37","guid":{"rendered":"https:\/\/partediario.com.ar\/?p=12496"},"modified":"2025-04-22T21:28:41","modified_gmt":"2025-04-23T00:28:41","slug":"video-asi-sonaban-las-campanas-de-san-pedro-del-vaticano-tras-el-fallecimiento-del-papa-francisco","status":"publish","type":"post","link":"https:\/\/partediario.com.ar\/?p=12496","title":{"rendered":"Video: asi sonaban las campanas de San Pedro del Vaticano tras el fallecimiento del Papa Francisco"},"content":{"rendered":"\n<h2 class=\"wp-block-heading\">El Vaticano despidi\u00f3 a Francisco con el ta\u00f1ido a muerto de las campanas de San Pedro, que estremecieron la plaza repleta de fieles.<\/h2>\n\n\n\n<p>Este lunes al mediod\u00eda, las campanas de la bas\u00edlica de San Pedro comenzaron a ta\u00f1er a muerto en se\u00f1al de duelo por la muerte del Papa Francisco, quien falleci\u00f3 esta ma\u00f1ana a los 88 a\u00f1os.<\/p>\n\n\n\n<p>El lento y solemne sonido de las campanas fue escuchado por miles de peregrinos, fieles y turistas que se encontraban reunidos en la plaza de San Pedro, donde se sinti\u00f3 hondo pesar colectivo por la p\u00e9rdida del pont\u00edfice argentino.<\/p>\n\n\n\n<p>Cabe se\u00f1alar que el ta\u00f1ido forma parte del tradicional protocolo vaticano ante la muerte de un Papa y simboliza el inicio de la sede vacante, el per\u00edodo de transici\u00f3n en el que la Iglesia Cat\u00f3lica permanece sin sumo pont\u00edfice hasta la elecci\u00f3n de su sucesor.<\/p>\n\n\n\n<p><\/p>\n\n\n\n<figure class=\"wp-block-video\"><video height=\"394\" style=\"aspect-ratio: 720 \/ 394;\" width=\"720\" controls src=\"https:\/\/partediario.com.ar\/wp-content\/uploads\/Campanas-Francisco-Fallecimiento.mp4\"><\/video><\/figure>\n\n\n\n<p><\/p>\n\n\n\n<p><\/p>\n","protected":false},"excerpt":{"rendered":"<p>El Vaticano despidi&oacute; a Francisco con el ta&ntilde;ido a muerto de las campanas de San Pedro, que estremecieron la plaza repleta de fieles. Este lunes al mediod&iacute;a, las campanas de la bas&iacute;lica de San Pedro comenzaron a ta&ntilde;er a muerto en se&ntilde;al de duelo por la muerte del Papa Francisco, quien falleci&oacute; esta ma&ntilde;ana a [&hellip;]<\/p>\n","protected":false},"author":2,"featured_media":12498,"comment_status":"open","ping_status":"open","sticky":false,"template":"","format":"standard","meta":{"footnotes":""},"categories":[9,5,726],"tags":[5791,1024,5277,3222,3096],"class_list":["post-12496","post","type-post","status-publish","format-standard","has-post-thumbnail","hentry","category-internacionales","category-nacionales","category-sociedad","tag-campanas","tag-fallecimiento","tag-francisco","tag-papa","tag-san-pedro"],"_links":{"self":[{"href":"https:\/\/partediario.com.ar\/index.php?rest_route=\/wp\/v2\/posts\/12496","targetHints":{"allow":["GET"]}}],"collection":[{"href":"https:\/\/partediario.com.ar\/index.php?rest_route=\/wp\/v2\/posts"}],"about":[{"href":"https:\/\/partediario.com.ar\/index.php?rest_route=\/wp\/v2\/types\/post"}],"author":[{"embeddable":true,"href":"https:\/\/partediario.com.ar\/index.php?rest_route=\/wp\/v2\/users\/2"}],"replies":[{"embeddable":true,"href":"https:\/\/partediario.com.ar\/index.php?rest_route=%2Fwp%2Fv2%2Fcomments&post=12496"}],"version-history":[{"count":1,"href":"https:\/\/partediario.com.ar\/index.php?rest_route=\/wp\/v2\/posts\/12496\/revisions"}],"predecessor-version":[{"id":12499,"href":"https:\/\/partediario.com.ar\/index.php?rest_route=\/wp\/v2\/posts\/12496\/revisions\/12499"}],"wp:featuredmedia":[{"embeddable":true,"href":"https:\/\/partediario.com.ar\/index.php?rest_route=\/wp\/v2\/media\/12498"}],"wp:attachment":[{"href":"https:\/\/partediario.com.ar\/index.php?rest_route=%2Fwp%2Fv2%2Fmedia&parent=12496"}],"wp:term":[{"taxonomy":"category","embeddable":true,"href":"https:\/\/partediario.com.ar\/index.php?rest_route=%2Fwp%2Fv2%2Fcategories&post=12496"},{"taxonomy":"post_tag","embeddable":true,"href":"https:\/\/partediario.com.ar\/index.php?rest_route=%2Fwp%2Fv2%2Ftags&post=12496"}],"curies":[{"name":"wp","href":"https:\/\/api.w.org\/{rel}","templated":true}]}}