{"id":12510,"date":"2025-04-21T20:39:59","date_gmt":"2025-04-21T23:39:59","guid":{"rendered":"https:\/\/partediario.com.ar\/?p=12510"},"modified":"2025-04-22T21:28:28","modified_gmt":"2025-04-23T00:28:28","slug":"confirmacion-oficial-sobre-la-causa-de-la-muerte-del-papa-francisco","status":"publish","type":"post","link":"https:\/\/partediario.com.ar\/?p=12510","title":{"rendered":"Confirmaci\u00f3n oficial sobre la causa de la muerte del Papa Francisco"},"content":{"rendered":"\n<h2 class=\"wp-block-heading\">El papa Francisco falleci\u00f3 a consecuencia de un colapso cardiovascular y apoplej\u00eda cerebral, seg\u00fan informaci\u00f3n brindada por la Oficina de Prensa del Vaticano.<\/h2>\n\n\n\n<p>El Sumo Pont\u00edfice falleci\u00f3 a los 88 a\u00f1os mientras dorm\u00eda en su residencia de Santa Marta, en Roma.<\/p>\n\n\n\n<p>Deg\u00fan l informe m\u00e9dico difundido por el sitio Vatican News, Francisco sufri\u00f3 un \u00abcolapso cardiovascular irreversible\u00bb y un \u00abderrame cerebral\u00bb.<\/p>\n\n\n\n<p>Las causas de su fallecimiento fueron comprobadas mediante un electrocardiograma tanatol\u00f3gico realizado por el profesor Andrea Arcangeli, director de la Direcci\u00f3n de Sanidad e Higiene del Estado de la Ciudad del Vaticano.<\/p>\n\n\n\n<p>La Oficina de Prensa de la Santa Sede indic\u00f3 que el ex arzobispo de Buenos Aires presentaba antecedentes de insuficiencia respiratoria aguda en neumon\u00eda bilateral multimicrobiana, bronquiectasias m\u00faltiples, hipertensi\u00f3n y diabetes de tipo II.<\/p>\n\n\n\n<p>Jorge Bergoglio estuvo internado desde el 14 de noviembre (37 d\u00edas) en el Hospital Policl\u00ednico Gemelli de Roma por una insuficiencia respiratoria, una neumon\u00eda bilateral y una bronquitis, al tiempo que fue sometido a ventilaci\u00f3n mec\u00e1nica no invasiva.<\/p>\n\n\n\n<p>En su estad\u00eda en el nosocomio, el Sumo Pont\u00edfice permaneci\u00f3 en estado cr\u00edtico, pero con posterioridad se recuper\u00f3 de forma paulatina hasta que el 23 de marzo recibi\u00f3 el alta y fue trasladado al Vaticano.<\/p>\n\n\n\n<p>Ese d\u00eda sali\u00f3 en silla de ruedas y de manera sorpresiva al balc\u00f3n del centro de salud, donde agradeci\u00f3 las oraciones a los fieles.<\/p>\n\n\n\n<p>No obstante, esa no fue la \u00fanica vez que corri\u00f3 riesgo su vida. En 2021, el religioso fue intervenido quir\u00fargicamente por un problema en el colon, mientras que en 2023 recibi\u00f3 asistencia m\u00e9dica por una infecci\u00f3n respiratoria.<\/p>\n\n\n\n<p>Luego, en ese mismo a\u00f1o, se le realiz\u00f3 una nueva por operaci\u00f3n debido a una hernia en el abdomen.<\/p>\n","protected":false},"excerpt":{"rendered":"<p>El papa Francisco falleci&oacute; a consecuencia de un colapso cardiovascular y apoplej&iacute;a cerebral, seg&uacute;n informaci&oacute;n brindada por la Oficina de Prensa del Vaticano. El Sumo Pont&iacute;fice falleci&oacute; a los 88 a&ntilde;os mientras dorm&iacute;a en su residencia de Santa Marta, en Roma. Deg&uacute;n l informe m&eacute;dico difundido por el sitio Vatican News, Francisco sufri&oacute; un &laquo;colapso [&hellip;]<\/p>\n","protected":false},"author":2,"featured_media":12511,"comment_status":"open","ping_status":"open","sticky":false,"template":"","format":"standard","meta":{"footnotes":""},"categories":[9,7,726],"tags":[4359,5277,908,3222],"class_list":["post-12510","post","type-post","status-publish","format-standard","has-post-thumbnail","hentry","category-internacionales","category-policiales","category-sociedad","tag-causa","tag-francisco","tag-muerte","tag-papa"],"_links":{"self":[{"href":"https:\/\/partediario.com.ar\/index.php?rest_route=\/wp\/v2\/posts\/12510","targetHints":{"allow":["GET"]}}],"collection":[{"href":"https:\/\/partediario.com.ar\/index.php?rest_route=\/wp\/v2\/posts"}],"about":[{"href":"https:\/\/partediario.com.ar\/index.php?rest_route=\/wp\/v2\/types\/post"}],"author":[{"embeddable":true,"href":"https:\/\/partediario.com.ar\/index.php?rest_route=\/wp\/v2\/users\/2"}],"replies":[{"embeddable":true,"href":"https:\/\/partediario.com.ar\/index.php?rest_route=%2Fwp%2Fv2%2Fcomments&post=12510"}],"version-history":[{"count":1,"href":"https:\/\/partediario.com.ar\/index.php?rest_route=\/wp\/v2\/posts\/12510\/revisions"}],"predecessor-version":[{"id":12512,"href":"https:\/\/partediario.com.ar\/index.php?rest_route=\/wp\/v2\/posts\/12510\/revisions\/12512"}],"wp:featuredmedia":[{"embeddable":true,"href":"https:\/\/partediario.com.ar\/index.php?rest_route=\/wp\/v2\/media\/12511"}],"wp:attachment":[{"href":"https:\/\/partediario.com.ar\/index.php?rest_route=%2Fwp%2Fv2%2Fmedia&parent=12510"}],"wp:term":[{"taxonomy":"category","embeddable":true,"href":"https:\/\/partediario.com.ar\/index.php?rest_route=%2Fwp%2Fv2%2Fcategories&post=12510"},{"taxonomy":"post_tag","embeddable":true,"href":"https:\/\/partediario.com.ar\/index.php?rest_route=%2Fwp%2Fv2%2Ftags&post=12510"}],"curies":[{"name":"wp","href":"https:\/\/api.w.org\/{rel}","templated":true}]}}