{"id":12520,"date":"2025-04-22T21:10:50","date_gmt":"2025-04-23T00:10:50","guid":{"rendered":"https:\/\/partediario.com.ar\/?p=12520"},"modified":"2025-04-23T18:55:22","modified_gmt":"2025-04-23T21:55:22","slug":"miles-de-fieles-se-acercan-a-la-plaza-san-pedro-y-rezan-por-el-eterno-descanso-del-papa-francisco","status":"publish","type":"post","link":"https:\/\/partediario.com.ar\/?p=12520","title":{"rendered":"Miles de fieles se acercan a la Plaza San Pedro y rezan por el eterno descanso del papa Francisco"},"content":{"rendered":"\n<h2 class=\"wp-block-heading\">Los fieles se congregaron en la Plaza San Pedro para rezar por \u00abel eterno descanso\u00bb del Papa Francisco, que muri\u00f3 este lunes, a los 88 a\u00f1os, como consecuencia de un derrame cerebral.<\/h2>\n\n\n\n<p>La Oficina de Prensa de la Santa Sede se\u00f1al\u00f3 que la ceremonia fue presidida por el cardenal Giovanni Battista Re.<\/p>\n\n\n\n<p>Al inicio de la plegaria, el decano del Colegio Cardenalicio expres\u00f3: \u00abAl resonar en nuestros corazones la invitaci\u00f3n &#8216;No se olviden de rezar por m\u00ed&#8217;, tantas veces pronunciada por el Papa Francisco, queremos rezar por \u00e9l tambi\u00e9n esta tarde\u00bb.<\/p>\n\n\n\n<p>El religioso de 91 a\u00f1os, quien tambi\u00e9n estar\u00e1 a cargo de los funerales del Sumo Pont\u00edfice, indic\u00f3 que \u00aben la fe en Cristo resucitado al que celebramos en este santo d\u00eda de Pascua sabemos que la muerte no es una puerta que se cierra, sino la entrada en la Jerusal\u00e9n celestial, donde el lamento se cambia en danza, y el cilicio en vestido de alegr\u00eda, en la inmensidad del amor de Dios\u00bb.<\/p>\n\n\n\n<p>Ante la presencia de los creyentes, el cardenal \u00ablos invit\u00f3 a agradecer al Se\u00f1or por los dones que ha concedido a toda la Iglesia a trav\u00e9s del ministerio apost\u00f3lico del papa Francisco, peregrino de esperanza que no defrauda\u00bb.<\/p>\n\n\n\n<p>Con la imagen de Mar\u00eda Mater Ecclesiae colocada en el parvis frente a la Bas\u00edlica San Pedro y decorada con un ramo de flores blancas y rosas, Battista Re dirigi\u00f3 la oraci\u00f3n para encomendar al ex arzobispo de Buenos Aires a la intercesi\u00f3n de la Virgen Mar\u00eda, agreg\u00f3 el sitio Vatican News.<\/p>\n\n\n\n<p>\u00abHab\u00eda una gran emoci\u00f3n en la plaza, tras una intensa jornada que hab\u00eda visto a creyentes de distintas partes del mundo peregrinar a la Bas\u00edlica Vaticana y permanecer at\u00f3nitos, consternados ante la noticia de la muerte del Obispo de Roma\u00bb, finaliz\u00f3 la Oficina de Prensa de la Santa Sede.<\/p>\n","protected":false},"excerpt":{"rendered":"<p>Los fieles se congregaron en la Plaza San Pedro para rezar por &laquo;el eterno descanso&raquo; del Papa Francisco, que muri&oacute; este lunes, a los 88 a&ntilde;os, como consecuencia de un derrame cerebral. La Oficina de Prensa de la Santa Sede se&ntilde;al&oacute; que la ceremonia fue presidida por el cardenal Giovanni Battista Re. Al inicio de [&hellip;]<\/p>\n","protected":false},"author":2,"featured_media":12521,"comment_status":"open","ping_status":"open","sticky":false,"template":"","format":"standard","meta":{"footnotes":""},"categories":[9,726],"tags":[5785,5277,3222,761,5433,3096],"class_list":["post-12520","post","type-post","status-publish","format-standard","has-post-thumbnail","hentry","category-internacionales","category-sociedad","tag-fieles","tag-francisco","tag-papa","tag-plaza","tag-rezo","tag-san-pedro"],"_links":{"self":[{"href":"https:\/\/partediario.com.ar\/index.php?rest_route=\/wp\/v2\/posts\/12520","targetHints":{"allow":["GET"]}}],"collection":[{"href":"https:\/\/partediario.com.ar\/index.php?rest_route=\/wp\/v2\/posts"}],"about":[{"href":"https:\/\/partediario.com.ar\/index.php?rest_route=\/wp\/v2\/types\/post"}],"author":[{"embeddable":true,"href":"https:\/\/partediario.com.ar\/index.php?rest_route=\/wp\/v2\/users\/2"}],"replies":[{"embeddable":true,"href":"https:\/\/partediario.com.ar\/index.php?rest_route=%2Fwp%2Fv2%2Fcomments&post=12520"}],"version-history":[{"count":1,"href":"https:\/\/partediario.com.ar\/index.php?rest_route=\/wp\/v2\/posts\/12520\/revisions"}],"predecessor-version":[{"id":12522,"href":"https:\/\/partediario.com.ar\/index.php?rest_route=\/wp\/v2\/posts\/12520\/revisions\/12522"}],"wp:featuredmedia":[{"embeddable":true,"href":"https:\/\/partediario.com.ar\/index.php?rest_route=\/wp\/v2\/media\/12521"}],"wp:attachment":[{"href":"https:\/\/partediario.com.ar\/index.php?rest_route=%2Fwp%2Fv2%2Fmedia&parent=12520"}],"wp:term":[{"taxonomy":"category","embeddable":true,"href":"https:\/\/partediario.com.ar\/index.php?rest_route=%2Fwp%2Fv2%2Fcategories&post=12520"},{"taxonomy":"post_tag","embeddable":true,"href":"https:\/\/partediario.com.ar\/index.php?rest_route=%2Fwp%2Fv2%2Ftags&post=12520"}],"curies":[{"name":"wp","href":"https:\/\/api.w.org\/{rel}","templated":true}]}}