{"id":12536,"date":"2025-04-23T18:39:30","date_gmt":"2025-04-23T21:39:30","guid":{"rendered":"https:\/\/partediario.com.ar\/?p=12536"},"modified":"2025-04-24T22:45:33","modified_gmt":"2025-04-25T01:45:33","slug":"desinversion-obra-publica-axel-kicillof-denuncio-a-javier-milei-es-una-decision-criminal-dijo","status":"publish","type":"post","link":"https:\/\/partediario.com.ar\/?p=12536","title":{"rendered":"Desinversion obra p\u00fablica: Axel Kicillof denunci\u00f3 a Javier Milei: \u00abEs una decisi\u00f3n criminal\u00bb, dijo"},"content":{"rendered":"\n<h2 class=\"wp-block-heading\">El gobernador bonaerense, Axel Kicillof, denunci\u00f3 hoy a la administraci\u00f3n del presidente Javier Milei por el ajuste presupuestario en la obra p\u00fablica y calific\u00f3 de \u00abcriminal\u00bb la desinversi\u00f3n del Ejecutivo en materia de infraestructura.<\/h2>\n\n\n\n<p>\u00abEl parate en obras educativas, de salud o de infraestructura social b\u00e1sica es una decisi\u00f3n criminal\u00bb, critic\u00f3 Kicillof durante un acto en la Universidad de San Mart\u00edn, al tiempo que ponder\u00f3 el \u00abc\u00edrculo virtuoso\u00bb que genera la actividad para mejorar la producci\u00f3n, el trabajo y el consumo.<\/p>\n\n\n\n<p>\u00abEl \u00fanico que no lo entiende es Milei\u00bb, asever\u00f3 el gobernador, quien estuvo acompa\u00f1ado durante el encuentro por ministro de Infraestructura, Gabriel Katopodis; la ministra de H\u00e1bitat y Desarrollo Urbano, Silvina Batakis; el intendente local, Fernando Moreira; y el rector de la casa de estudios, Carlos Greco.<\/p>\n\n\n\n<p>La actividad se realiz\u00f3 frente a la Torre de Innovaci\u00f3n Cient\u00edfico-Acad\u00e9mica (TICA), una de las \u00abobras reactivadas por el Gobierno provincial luego de haber sido paralizada por Naci\u00f3n\u00bb, seg\u00fan precisaron desde la gobernaci\u00f3n a trav\u00e9s de un comunicado.<\/p>\n\n\n\n<p>Adem\u00e1s, al cumplirse los \u00ab500 d\u00edas sin obra p\u00fablica nacional\u00bb, Kicillof junto a intendentes bonaerenses y de otras provincias suscribieron un documento \u00abcontra del ajuste y abandono del Gobierno\u00bb, que ser\u00e1 presentado en la Comisi\u00f3n de Obra P\u00fablica de la C\u00e1mara de Diputados.<\/p>\n\n\n\n<p>El texto lleva las firmas de Mariano Cascallares (Almirante Brown), Jorge Ferraresi (Avellaneda), Mario Secco (Ensenada), Carlos Ramil (Escobar), Andr\u00e9s Watson (Florencio Varela), Federico Oterm\u00edn (Lomas de Zamora), Facundo P\u00e9rez (Hurlingham) y Abel Rauch (Luj\u00e1n), entre otros.<\/p>\n\n\n\n<p>Desde otras provincias del pa\u00eds tambi\u00e9n sumaron su apoyo Emir Andraos (Tunuy\u00e1n, Mendoza), Flor Dest\u00e9fanis (Santa Rosa, Mendoza), Pablo Corsalini (P\u00e9rez, Santa Fe) y el exintendente Mart\u00edn Gill (Villa Mar\u00eda, C\u00f3rdoba), en representaci\u00f3n de diversos jefes comunales del interior.<\/p>\n","protected":false},"excerpt":{"rendered":"<p>El gobernador bonaerense, Axel Kicillof, denunci&oacute; hoy a la administraci&oacute;n del presidente Javier Milei por el ajuste presupuestario en la obra p&uacute;blica y calific&oacute; de &laquo;criminal&raquo; la desinversi&oacute;n del Ejecutivo en materia de infraestructura. &laquo;El parate en obras educativas, de salud o de infraestructura social b&aacute;sica es una decisi&oacute;n criminal&raquo;, critic&oacute; Kicillof durante un acto [&hellip;]<\/p>\n","protected":false},"author":2,"featured_media":12537,"comment_status":"open","ping_status":"open","sticky":false,"template":"","format":"standard","meta":{"footnotes":""},"categories":[5,176],"tags":[1112,812,5806,232,2961,1079,2812],"class_list":["post-12536","post","type-post","status-publish","format-standard","has-post-thumbnail","hentry","category-nacionales","category-politica","tag-axel-kicillof","tag-denuncia","tag-desinversion","tag-javier-milei","tag-obra-publica","tag-san-martin","tag-universidad"],"_links":{"self":[{"href":"https:\/\/partediario.com.ar\/index.php?rest_route=\/wp\/v2\/posts\/12536","targetHints":{"allow":["GET"]}}],"collection":[{"href":"https:\/\/partediario.com.ar\/index.php?rest_route=\/wp\/v2\/posts"}],"about":[{"href":"https:\/\/partediario.com.ar\/index.php?rest_route=\/wp\/v2\/types\/post"}],"author":[{"embeddable":true,"href":"https:\/\/partediario.com.ar\/index.php?rest_route=\/wp\/v2\/users\/2"}],"replies":[{"embeddable":true,"href":"https:\/\/partediario.com.ar\/index.php?rest_route=%2Fwp%2Fv2%2Fcomments&post=12536"}],"version-history":[{"count":1,"href":"https:\/\/partediario.com.ar\/index.php?rest_route=\/wp\/v2\/posts\/12536\/revisions"}],"predecessor-version":[{"id":12538,"href":"https:\/\/partediario.com.ar\/index.php?rest_route=\/wp\/v2\/posts\/12536\/revisions\/12538"}],"wp:featuredmedia":[{"embeddable":true,"href":"https:\/\/partediario.com.ar\/index.php?rest_route=\/wp\/v2\/media\/12537"}],"wp:attachment":[{"href":"https:\/\/partediario.com.ar\/index.php?rest_route=%2Fwp%2Fv2%2Fmedia&parent=12536"}],"wp:term":[{"taxonomy":"category","embeddable":true,"href":"https:\/\/partediario.com.ar\/index.php?rest_route=%2Fwp%2Fv2%2Fcategories&post=12536"},{"taxonomy":"post_tag","embeddable":true,"href":"https:\/\/partediario.com.ar\/index.php?rest_route=%2Fwp%2Fv2%2Ftags&post=12536"}],"curies":[{"name":"wp","href":"https:\/\/api.w.org\/{rel}","templated":true}]}}