{"id":12541,"date":"2025-04-23T18:47:34","date_gmt":"2025-04-23T21:47:34","guid":{"rendered":"https:\/\/partediario.com.ar\/?p=12541"},"modified":"2025-04-24T22:45:30","modified_gmt":"2025-04-25T01:45:30","slug":"las-ultimas-palabras-del-papa-francisco-hacia-un-trabajador-que-estuvo-muy-cerca-suyo-gracias","status":"publish","type":"post","link":"https:\/\/partediario.com.ar\/?p=12541","title":{"rendered":"Las \u00faltimas palabras del Papa Francisco hacia un trabajador que estuvo muy cerca suyo: \u00abGracias\u00bb"},"content":{"rendered":"\n<h2 class=\"wp-block-heading\">El papa Francisco dej\u00f3 gestos imborrables en sus horas finales. Uno de los m\u00e1s \u00edntimos y conmovedores fue el que tuvo con su enfermero personal, Massimiliano Strappetti, quien lo asisti\u00f3 durante los momentos m\u00e1s dif\u00edciles de su enfermedad.<\/h2>\n\n\n\n<p>\u201cGracias por haberme tra\u00eddo de nuevo a la Plaza\u201d, le dijo Francisco el domingo luego de saludar a los fieles desde el papam\u00f3vil, en lo que fue su \u00faltima aparici\u00f3n p\u00fablica.<\/p>\n\n\n\n<p>El d\u00eda anterior, s\u00e1bado, ambos hab\u00edan recorrido juntos la Bas\u00edlica de San Pedro para repasar el camino que har\u00eda en Pascua. \u201c\u00bfCre\u00e9s que podr\u00e9 hacerlo?\u201d, le consult\u00f3 el Papa con un dejo de duda. Strappetti lo tranquiliz\u00f3.<\/p>\n\n\n\n<p>Ese mismo s\u00e1bado tambi\u00e9n realiz\u00f3 su \u00faltima llamada telef\u00f3nica: fue a Gaza. \u201cNos llam\u00f3 mientras prepar\u00e1bamos la Vigilia de Pascua. Expres\u00f3 su cercan\u00eda, su oraci\u00f3n, su bendici\u00f3n\u201d, relat\u00f3 el sacerdote argentino Gabriel Romanelli, p\u00e1rroco en Gaza. En la conversaci\u00f3n adem\u00e1s estuvieron presentes el padre Y\u00fasuf y la hermana Mar\u00eda. Fue la \u00faltima vez que lo escucharon.<\/p>\n\n\n\n<p>\u201cEl Papa era, para nosotros, un feligr\u00e9s. Ahora somos 50, porque 49 cristianos han muerto durante la guerra, 20 de ellos de forma violenta\u201d, lament\u00f3 Romanelli.<\/p>\n\n\n\n<p>Estos gestos se suman a otros dos legados p\u00f3stumos de Jorge Bergoglio: una carta sobre Siria en la que pidi\u00f3 no perder la esperanza, y el prefacio de un libro donde reflexion\u00f3 sobre la vejez y la muerte, afirmando que \u201cla muerte no es el final, sino un nuevo comienzo\u201d.<\/p>\n\n\n\n<p>Francisco falleci\u00f3 el lunes a los 88 a\u00f1os, tras m\u00e1s de una d\u00e9cada de pontificado. Se fue en silencio, agradeciendo, consolando y con total serenidad.<\/p>\n","protected":false},"excerpt":{"rendered":"<p>El papa Francisco dej&oacute; gestos imborrables en sus horas finales. Uno de los m&aacute;s &iacute;ntimos y conmovedores fue el que tuvo con su enfermero personal, Massimiliano Strappetti, quien lo asisti&oacute; durante los momentos m&aacute;s dif&iacute;ciles de su enfermedad. &ldquo;Gracias por haberme tra&iacute;do de nuevo a la Plaza&rdquo;, le dijo Francisco el domingo luego de saludar [&hellip;]<\/p>\n","protected":false},"author":2,"featured_media":12542,"comment_status":"open","ping_status":"open","sticky":false,"template":"","format":"standard","meta":{"footnotes":""},"categories":[5,726],"tags":[5809,5277,5810,5808,3222,5807],"class_list":["post-12541","post","type-post","status-publish","format-standard","has-post-thumbnail","hentry","category-nacionales","category-sociedad","tag-enfermero","tag-francisco","tag-gracias","tag-palabras","tag-papa","tag-ultimas"],"_links":{"self":[{"href":"https:\/\/partediario.com.ar\/index.php?rest_route=\/wp\/v2\/posts\/12541","targetHints":{"allow":["GET"]}}],"collection":[{"href":"https:\/\/partediario.com.ar\/index.php?rest_route=\/wp\/v2\/posts"}],"about":[{"href":"https:\/\/partediario.com.ar\/index.php?rest_route=\/wp\/v2\/types\/post"}],"author":[{"embeddable":true,"href":"https:\/\/partediario.com.ar\/index.php?rest_route=\/wp\/v2\/users\/2"}],"replies":[{"embeddable":true,"href":"https:\/\/partediario.com.ar\/index.php?rest_route=%2Fwp%2Fv2%2Fcomments&post=12541"}],"version-history":[{"count":1,"href":"https:\/\/partediario.com.ar\/index.php?rest_route=\/wp\/v2\/posts\/12541\/revisions"}],"predecessor-version":[{"id":12543,"href":"https:\/\/partediario.com.ar\/index.php?rest_route=\/wp\/v2\/posts\/12541\/revisions\/12543"}],"wp:featuredmedia":[{"embeddable":true,"href":"https:\/\/partediario.com.ar\/index.php?rest_route=\/wp\/v2\/media\/12542"}],"wp:attachment":[{"href":"https:\/\/partediario.com.ar\/index.php?rest_route=%2Fwp%2Fv2%2Fmedia&parent=12541"}],"wp:term":[{"taxonomy":"category","embeddable":true,"href":"https:\/\/partediario.com.ar\/index.php?rest_route=%2Fwp%2Fv2%2Fcategories&post=12541"},{"taxonomy":"post_tag","embeddable":true,"href":"https:\/\/partediario.com.ar\/index.php?rest_route=%2Fwp%2Fv2%2Ftags&post=12541"}],"curies":[{"name":"wp","href":"https:\/\/api.w.org\/{rel}","templated":true}]}}