{"id":12544,"date":"2025-04-23T18:54:50","date_gmt":"2025-04-23T21:54:50","guid":{"rendered":"https:\/\/partediario.com.ar\/?p=12544"},"modified":"2025-04-24T22:45:26","modified_gmt":"2025-04-25T01:45:26","slug":"la-monja-que-rompio-el-protocolo-y-lloro-junto-al-ataud-de-francisco-y-su-relacion-con-argentina","status":"publish","type":"post","link":"https:\/\/partediario.com.ar\/?p=12544","title":{"rendered":"La monja que rompi\u00f3 el protocolo y llor\u00f3 junto al ata\u00fad de Francisco y su relaci\u00f3n con Argentina"},"content":{"rendered":"\n<h2 class=\"wp-block-heading\">Mientras cardenales y obispos segu\u00edan el protocolo para despedir al papa Francisco, sin embargo una monja de 81 a\u00f1os rompi\u00f3 el esquema y emocion\u00f3 a todos. Se trata de Genevi\u00e8ve Jeanningros, una religiosa francesa amiga cercana del pont\u00edfice y sobrina de L\u00e9onie Duquet, una de las monjas secuestradas y desaparecidas durante la \u00faltima dictadura militar en Argentina.<\/h2>\n\n\n\n<p>La imagen fue muy clara y contundente: con una mochila al hombro, Jeanningros se detuvo frente al f\u00e9retro del Papa en la Bas\u00edlica de San Pedro y, de pie, rompi\u00f3 en llanto. Permaneci\u00f3 varios minutos en silencio, inm\u00f3vil. Nadie os\u00f3 interrumpir su gesto de despedida.<\/p>\n\n\n\n<p>\u201cLa enfant terrible\u201d, como sol\u00eda llamarla el papa Francisco, lleva m\u00e1s de cinco d\u00e9cadas dedicada a acompa\u00f1ar a mujeres transexuales y feriantes de Ostia, en los m\u00e1rgenes de Roma. Fue ella quien en reiteradas ocasiones acerc\u00f3 al Papa a la comunidad trans, acerc\u00e1ndolas a las audiencias de los mi\u00e9rcoles en el Vaticano.<\/p>\n\n\n\n<p>Durante la pandemia, junto al cardenal Konrad Krajewski, Jeanningros gestion\u00f3 asistencia para personas en situaci\u00f3n de vulnerabilidad extrema. Incluso logr\u00f3 que el Papa visitara el parque de atracciones de Ostia, el 31 de julio de 2024, donde bendijo una imagen de la \u00abVirgen protectora del espect\u00e1culo ambulante y del circo\u00bb.<\/p>\n\n\n\n<p>Su historia est\u00e1 marcada por el dolor y la lucha por la memoria. Genevi\u00e8ve es sobrina de L\u00e9onie Duquet, monja desaparecida en 1977, v\u00edctima del terrorismo de Estado en Argentina. En 2011, declar\u00f3 en Comodoro Py durante el juicio por delitos de lesa humanidad, en el que fue finalmente condenado Alfredo Astiz.<\/p>\n\n\n\n<p>Su v\u00ednculo con Francisco fue estrecho y constante. Adem\u00e1s de visitas personales, la monja asist\u00eda semanalmente a las audiencias papales, donde llevaba a grupos LGBT+, n\u00f3mades y artistas circenses.<\/p>\n\n\n\n<p>El lunes, Genevi\u00e8ve despidi\u00f3 a su amigo de toda la vida con un gesto puro: una oraci\u00f3n, muchas l\u00e1grimas, y la dignidad de una despedida que conmovi\u00f3 a todos.<\/p>\n\n\n\n<p><\/p>\n\n\n\n<figure class=\"wp-block-embed is-type-video is-provider-youtube wp-block-embed-youtube wp-embed-aspect-16-9 wp-has-aspect-ratio\"><div class=\"wp-block-embed__wrapper\">\n<iframe loading=\"lazy\" title=\"FUNERAL DEL PAPA: La monja y amiga de Francisco que se salta el protocolo para acercarse del f\u00e9retro\" width=\"640\" height=\"360\" src=\"https:\/\/www.youtube.com\/embed\/_Ir3oA5bpAo?feature=oembed\" frameborder=\"0\" allow=\"accelerometer; autoplay; clipboard-write; encrypted-media; gyroscope; picture-in-picture; web-share\" referrerpolicy=\"strict-origin-when-cross-origin\" allowfullscreen><\/iframe>\n<\/div><\/figure>\n\n\n\n<p><\/p>\n","protected":false},"excerpt":{"rendered":"<p>Mientras cardenales y obispos segu&iacute;an el protocolo para despedir al papa Francisco, sin embargo una monja de 81 a&ntilde;os rompi&oacute; el esquema y emocion&oacute; a todos. Se trata de Genevi&egrave;ve Jeanningros, una religiosa francesa amiga cercana del pont&iacute;fice y sobrina de L&eacute;onie Duquet, una de las monjas secuestradas y desaparecidas durante la &uacute;ltima dictadura militar [&hellip;]<\/p>\n","protected":false},"author":2,"featured_media":12545,"comment_status":"open","ping_status":"open","sticky":false,"template":"","format":"standard","meta":{"footnotes":""},"categories":[9,726],"tags":[5813,5814,5815,5811,3222,5812,3914],"class_list":["post-12544","post","type-post","status-publish","format-standard","has-post-thumbnail","hentry","category-internacionales","category-sociedad","tag-despide","tag-genevieve-jeanningros","tag-leonie-duquet","tag-monja","tag-papa","tag-protocolo","tag-rompe"],"_links":{"self":[{"href":"https:\/\/partediario.com.ar\/index.php?rest_route=\/wp\/v2\/posts\/12544","targetHints":{"allow":["GET"]}}],"collection":[{"href":"https:\/\/partediario.com.ar\/index.php?rest_route=\/wp\/v2\/posts"}],"about":[{"href":"https:\/\/partediario.com.ar\/index.php?rest_route=\/wp\/v2\/types\/post"}],"author":[{"embeddable":true,"href":"https:\/\/partediario.com.ar\/index.php?rest_route=\/wp\/v2\/users\/2"}],"replies":[{"embeddable":true,"href":"https:\/\/partediario.com.ar\/index.php?rest_route=%2Fwp%2Fv2%2Fcomments&post=12544"}],"version-history":[{"count":1,"href":"https:\/\/partediario.com.ar\/index.php?rest_route=\/wp\/v2\/posts\/12544\/revisions"}],"predecessor-version":[{"id":12546,"href":"https:\/\/partediario.com.ar\/index.php?rest_route=\/wp\/v2\/posts\/12544\/revisions\/12546"}],"wp:featuredmedia":[{"embeddable":true,"href":"https:\/\/partediario.com.ar\/index.php?rest_route=\/wp\/v2\/media\/12545"}],"wp:attachment":[{"href":"https:\/\/partediario.com.ar\/index.php?rest_route=%2Fwp%2Fv2%2Fmedia&parent=12544"}],"wp:term":[{"taxonomy":"category","embeddable":true,"href":"https:\/\/partediario.com.ar\/index.php?rest_route=%2Fwp%2Fv2%2Fcategories&post=12544"},{"taxonomy":"post_tag","embeddable":true,"href":"https:\/\/partediario.com.ar\/index.php?rest_route=%2Fwp%2Fv2%2Ftags&post=12544"}],"curies":[{"name":"wp","href":"https:\/\/api.w.org\/{rel}","templated":true}]}}