{"id":12571,"date":"2025-04-25T18:02:54","date_gmt":"2025-04-25T21:02:54","guid":{"rendered":"https:\/\/partediario.com.ar\/?p=12571"},"modified":"2025-04-27T13:18:34","modified_gmt":"2025-04-27T16:18:34","slug":"tras-llegar-tarde-al-funeral-del-papa-francisco-javier-milei-apunto-otra-vez-contra-el-periodismo-son-brutos","status":"publish","type":"post","link":"https:\/\/partediario.com.ar\/?p=12571","title":{"rendered":"Tras llegar tarde al funeral del Papa Francisco: Javier Milei apunt\u00f3 otra vez contra el periodismo: \u00abSon brutos\u00bb"},"content":{"rendered":"\n<h2 class=\"wp-block-heading\">El presidente Javier Milei volvi\u00f3 hoy, desde Roma donde asiste al funeral del Papa Francisco, a disparar contra el periodismo e indic\u00f3 que gran parte de los trabajadores de esa actividad \u00abson brutos\u00bb.<\/h2>\n\n\n\n<p>\u00abA la luz de muchos comentarios que veo de gran parte del periodismo, en los que hacen foco en cuestiones de 25\u00b0 orden, cada d\u00eda me queda m\u00e1s claro que obedece a un d\u00e9ficit de IQ muy severo ya que no tienen la capacidad para entender (son brutos) lo importante\u00bb, poste\u00f3 Milei en su cuenta de X.<\/p>\n\n\n\n<p>El mandatario pareci\u00f3 aludir de este modo a las cr\u00edticas que recibi\u00f3 en redes sociales por haber llegado a la capital italiana instantes despu\u00e9s de que finalizara el velatorio del Sumo Pont\u00edfice en la Bas\u00edlica de San Pedro, dejando su presencia s\u00f3lo para el funeral de este s\u00e1bado.<\/p>\n\n\n\n<p>Usuarios de X contrastaron eso con fotos de la despedida de la delegaci\u00f3n brasile\u00f1a, encabezada por su presidente Luis In\u00e1zio \u00abLula\u00bb Da Silva, junto al f\u00e9retro del papa dentro de la bas\u00edlica.<\/p>\n\n\n\n<p>El recinto cerr\u00f3 sus puertas a las 19 (hora local) para dar lugar al rito del sellado del f\u00e9retro. Cuando esa estaba sucediendo la comitiva argentina liderada por Milei reci\u00e9n estaba aterrizaba.<\/p>\n","protected":false},"excerpt":{"rendered":"<p>El presidente Javier Milei volvi&oacute; hoy, desde Roma donde asiste al funeral del Papa Francisco, a disparar contra el periodismo e indic&oacute; que gran parte de los trabajadores de esa actividad &laquo;son brutos&raquo;. &laquo;A la luz de muchos comentarios que veo de gran parte del periodismo, en los que hacen foco en cuestiones de 25&deg; [&hellip;]<\/p>\n","protected":false},"author":2,"featured_media":12572,"comment_status":"open","ping_status":"open","sticky":false,"template":"","format":"standard","meta":{"footnotes":""},"categories":[5,176],"tags":[1461,5816,232,5817,3222,5819,5818],"class_list":["post-12571","post","type-post","status-publish","format-standard","has-post-thumbnail","hentry","category-nacionales","category-politica","tag-criticas","tag-funeral","tag-javier-milei","tag-llego","tag-papa","tag-periodismo","tag-tarde"],"_links":{"self":[{"href":"https:\/\/partediario.com.ar\/index.php?rest_route=\/wp\/v2\/posts\/12571","targetHints":{"allow":["GET"]}}],"collection":[{"href":"https:\/\/partediario.com.ar\/index.php?rest_route=\/wp\/v2\/posts"}],"about":[{"href":"https:\/\/partediario.com.ar\/index.php?rest_route=\/wp\/v2\/types\/post"}],"author":[{"embeddable":true,"href":"https:\/\/partediario.com.ar\/index.php?rest_route=\/wp\/v2\/users\/2"}],"replies":[{"embeddable":true,"href":"https:\/\/partediario.com.ar\/index.php?rest_route=%2Fwp%2Fv2%2Fcomments&post=12571"}],"version-history":[{"count":1,"href":"https:\/\/partediario.com.ar\/index.php?rest_route=\/wp\/v2\/posts\/12571\/revisions"}],"predecessor-version":[{"id":12573,"href":"https:\/\/partediario.com.ar\/index.php?rest_route=\/wp\/v2\/posts\/12571\/revisions\/12573"}],"wp:featuredmedia":[{"embeddable":true,"href":"https:\/\/partediario.com.ar\/index.php?rest_route=\/wp\/v2\/media\/12572"}],"wp:attachment":[{"href":"https:\/\/partediario.com.ar\/index.php?rest_route=%2Fwp%2Fv2%2Fmedia&parent=12571"}],"wp:term":[{"taxonomy":"category","embeddable":true,"href":"https:\/\/partediario.com.ar\/index.php?rest_route=%2Fwp%2Fv2%2Fcategories&post=12571"},{"taxonomy":"post_tag","embeddable":true,"href":"https:\/\/partediario.com.ar\/index.php?rest_route=%2Fwp%2Fv2%2Ftags&post=12571"}],"curies":[{"name":"wp","href":"https:\/\/api.w.org\/{rel}","templated":true}]}}