{"id":12574,"date":"2025-04-25T18:11:11","date_gmt":"2025-04-25T21:11:11","guid":{"rendered":"https:\/\/partediario.com.ar\/?p=12574"},"modified":"2025-04-27T13:18:30","modified_gmt":"2025-04-27T16:18:30","slug":"dichos-de-georgieva-son-una-clarisima-intromision-en-los-asuntos-internos-expreso-ricardo-alfonsin","status":"publish","type":"post","link":"https:\/\/partediario.com.ar\/?p=12574","title":{"rendered":"Dichos de Georgieva: \u00abSon una clar\u00edsima intromisi\u00f3n en los asuntos internos\u00bb, expres\u00f3 Ricardo Alfons\u00edn"},"content":{"rendered":"\n<h2 class=\"wp-block-heading\">El ex embajador en Madrid Ricardo Alfons\u00edn critic\u00f3 el llamado de la titular del Fondo Monetario Internacional (FMI), Kristalina Georgieva, a votar en favor de La Libertad Avanza (LLA) en las elecciones de medio t\u00e9rmino, al se\u00f1alar que \u00abrepresenta una clar\u00edsima intromisi\u00f3n en los asuntos internos\u00bb del pa\u00eds.<\/h2>\n\n\n\n<p>\u201cLas declaraciones de ayer representan una clar\u00edsima intromisi\u00f3n en los asuntos internos de nuestro pa\u00eds, concretamente en las elecciones\u201d, destac\u00f3 Alfonsin en declaraciones radiales.<\/p>\n\n\n\n<p>Y agreg\u00f3: \u201cEsta insolencia de Giorgieva no tiene precedentes. Todos los dirigentes pol\u00edticos y las instituciones comprometidas con la soberan\u00eda nacional deber\u00edan repudiar esa intervenci\u00f3n\u00bb.<\/p>\n\n\n\n<p>Tambi\u00e9n denunci\u00f3 que las grandes potencias \u201csiempre han presionado a los pa\u00edses para que tomen decisiones que los beneficien\u201d, al tiempo que afirm\u00f3 que el Fondo es \u201cun instrumento al servicio de las grandes potencias y de las grandes corporaciones econ\u00f3micas y financieras\u201d.<\/p>\n\n\n\n<p>Alfons\u00edn advirti\u00f3 a los argentinos y solitic\u00f3 \u201ctener mucho cuidado\u201d con las elecciones en las que denunci\u00f3 que no hay propuestas legislativas y se pronuncian propuestas difusas. \u201cEn las elecciones a veces, como no son transparentes porque no se explicitan concretamente las propuestas, los sectores populares tienen dificultades, tenemos dificultades para discernir cu\u00e1les nos benefician y cu\u00e1les nos perjudican\u00bb, subray\u00f3.<\/p>\n\n\n\n<p>\u201cHay una manera de hacer m\u00e1s f\u00e1cil la decisi\u00f3n y es la siguiente: hay que mirar qu\u00e9 propuestas apoyan las grandes corporaciones econ\u00f3micas\u201d, asever\u00f3, y se\u00f1al\u00f3: \u201cF\u00edjense qu\u00e9 propuestas apoyan porque no son las que tienen que apoyar los sectores populares\u201d.<\/p>\n\n\n\n<p>Para Ricardo Alfons\u00edn, las grandes corporaciones \u201cno tienen los mismos intereses los sectores populares\u201d, por lo que expres\u00f3 que el alineamiento del FMI con el gobierno de Javier Milei afectar\u00e1 de forma directa a los m\u00e1s vulnerados.<\/p>\n\n\n\n<p>En otro momento de la entrevista con el periodista Antonio Llorente, manifest\u00f3 la importancia de las elecciones legislativas al sostener que aunque no se elija presidente, la oposici\u00f3n debe impedir que el oficialismo consiga mayor\u00eda en el Congreso de la Naci\u00f3n.<\/p>\n\n\n\n<p>\u201cEl Gobierno va a tratar de profundizar sus pol\u00edticas reaccionarias, conservadoras, plutocr\u00e1ticas, su deriva autoritaria, pero para avanzar en esa direcci\u00f3n necesita contar con mayor\u00eda en el parlamento\u201d, plante\u00f3, y acot\u00f3: \u201cTenemos que lograr que ingresen m\u00e1s legisladores de los que puede ingresar el bloque de derecha en estas elecciones. Si logramos eso, vamos a poder frenar\u201d.<\/p>\n\n\n\n<p>Finalizando, el exembajador en Madrid pidi\u00f3 m\u00e1s acuerdos entre las fuerzas progresistas y alert\u00f3 que la administraci\u00f3n libertaria busca hacer pasar una reforma laboral que perjudicar\u00e1 a los trabajadores, avanzar\u00e1 con el cierre de las universidades y la privatizaci\u00f3n del sistema de seguridad social.<\/p>\n\n\n\n<p>\u201cEstoy seguro que van a tratar de modificar el sistema tributario para que sean, como ocurre en otros pa\u00edses del mundo, los que menos tienen, los que tengan que pagar m\u00e1s impuestos que las grandes corporaciones econ\u00f3micas\u201d, denunci\u00f3, y concluyo: \u201cEstas son las cosas que tenemos que discutir y acordar entre la oposici\u00f3n\u201d.<\/p>\n","protected":false},"excerpt":{"rendered":"<p>El ex embajador en Madrid Ricardo Alfons&iacute;n critic&oacute; el llamado de la titular del Fondo Monetario Internacional (FMI), Kristalina Georgieva, a votar en favor de La Libertad Avanza (LLA) en las elecciones de medio t&eacute;rmino, al se&ntilde;alar que &laquo;representa una clar&iacute;sima intromisi&oacute;n en los asuntos internos&raquo; del pa&iacute;s. &ldquo;Las declaraciones de ayer representan una clar&iacute;sima [&hellip;]<\/p>\n","protected":false},"author":2,"featured_media":12575,"comment_status":"open","ping_status":"open","sticky":false,"template":"","format":"standard","meta":{"footnotes":""},"categories":[5,176],"tags":[5821,1461,232,2051,266,5820],"class_list":["post-12574","post","type-post","status-publish","format-standard","has-post-thumbnail","hentry","category-nacionales","category-politica","tag-alfonsin","tag-criticas","tag-javier-milei","tag-kristalina-georgieva","tag-libertad-avanza","tag-ricardo"],"_links":{"self":[{"href":"https:\/\/partediario.com.ar\/index.php?rest_route=\/wp\/v2\/posts\/12574","targetHints":{"allow":["GET"]}}],"collection":[{"href":"https:\/\/partediario.com.ar\/index.php?rest_route=\/wp\/v2\/posts"}],"about":[{"href":"https:\/\/partediario.com.ar\/index.php?rest_route=\/wp\/v2\/types\/post"}],"author":[{"embeddable":true,"href":"https:\/\/partediario.com.ar\/index.php?rest_route=\/wp\/v2\/users\/2"}],"replies":[{"embeddable":true,"href":"https:\/\/partediario.com.ar\/index.php?rest_route=%2Fwp%2Fv2%2Fcomments&post=12574"}],"version-history":[{"count":1,"href":"https:\/\/partediario.com.ar\/index.php?rest_route=\/wp\/v2\/posts\/12574\/revisions"}],"predecessor-version":[{"id":12576,"href":"https:\/\/partediario.com.ar\/index.php?rest_route=\/wp\/v2\/posts\/12574\/revisions\/12576"}],"wp:featuredmedia":[{"embeddable":true,"href":"https:\/\/partediario.com.ar\/index.php?rest_route=\/wp\/v2\/media\/12575"}],"wp:attachment":[{"href":"https:\/\/partediario.com.ar\/index.php?rest_route=%2Fwp%2Fv2%2Fmedia&parent=12574"}],"wp:term":[{"taxonomy":"category","embeddable":true,"href":"https:\/\/partediario.com.ar\/index.php?rest_route=%2Fwp%2Fv2%2Fcategories&post=12574"},{"taxonomy":"post_tag","embeddable":true,"href":"https:\/\/partediario.com.ar\/index.php?rest_route=%2Fwp%2Fv2%2Ftags&post=12574"}],"curies":[{"name":"wp","href":"https:\/\/api.w.org\/{rel}","templated":true}]}}