{"id":12580,"date":"2025-04-25T18:39:28","date_gmt":"2025-04-25T21:39:28","guid":{"rendered":"https:\/\/partediario.com.ar\/?p=12580"},"modified":"2025-04-27T13:18:23","modified_gmt":"2025-04-27T16:18:23","slug":"cerraron-el-feretro-del-papa-francisco-y-comienzan-los-preparativos-para-el-funeral-de-este-sabado","status":"publish","type":"post","link":"https:\/\/partediario.com.ar\/?p=12580","title":{"rendered":"Cerraron el f\u00e9retro del papa Francisco y comienzan los preparativos para el funeral de este s\u00e1bado"},"content":{"rendered":"\n<h2 class=\"wp-block-heading\">El f\u00e9retro que contiene los restos mortales del papa Francisco fue cerrado despu\u00e9s que alrededor de 250 mil fieles dieran el \u00faltimo adi\u00f3s a la Bas\u00edlica de San Pedro y a partir de ahora se inician los preparativos para el funeral de este s\u00e1bado.<\/h2>\n\n\n\n<p>De acuerdo a la informaci\u00f3n de la Oficina de Prensa del Vaticano, \u00abel Rito de Clausura del F\u00e9retro del Romano Pont\u00edfice inici\u00f3 a las 20:00 (hora de Italia), en el Altar de la Confesi\u00f3n de la Bas\u00edlica de San Pedro\u00bb.<\/p>\n\n\n\n<p>La ceremonia que fue presidida por el camarlengo Kevin Farrell, quien dio lectura al Rogito, que fue depositada en el ata\u00fad al final de la celebraci\u00f3n.<\/p>\n\n\n\n<p>En este sentido, el sitio Vatican News se\u00f1al\u00f3 que algunos familiares del difunto participaron del rito, adem\u00e1s de los indicados en la Notificaci\u00f3n de la Oficina de Celebraciones Lit\u00fargicas.<\/p>\n\n\n\n<p>La celebraci\u00f3n, llevada adelante seg\u00fan las prescripciones del Ordo Exsequiarum Romani Pontificis, finaliz\u00f3 a las 21:00.<\/p>\n\n\n\n<p>\u00abDurante la noche, el Cap\u00edtulo de San Pedro asegurar\u00e1 una presencia de oraci\u00f3n y vigilia ante el cuerpo del Pont\u00edfice, hasta los preparativos de la Santa Misa de ma\u00f1ana por la ma\u00f1ana\u00bb, finaliz\u00f3 Oficina de Prensa.<\/p>\n\n\n\n<p>La transmisi\u00f3n oficial del Vaticano mostr\u00f3 por \u00faltima vez el cuerpo de Jorge Bergoglio que era custodiado por la Guardia Suiza, mientras se retiraban las vallas y las sillas.<\/p>\n\n\n\n<p>A continuaci\u00f3n, la Santa Sede mostr\u00f3 la imagen de la Bas\u00edlica de San Pedro para preservar el momento \u00edntimo de la celebraci\u00f3n.<\/p>\n\n\n\n<p>Por su parte, unos 250.000 fieles acudieron al templo cat\u00f3lico para rendirle homenaje al ex arzobispo de Buenos Aires, quien asumi\u00f3 el papado el 13 de marzo de 2013 tras la renuncia de Benedicto XVI.<\/p>\n\n\n\n<p>\u00abDesde la ma\u00f1ana del mi\u00e9rcoles 23 de abril a las 11:00 hasta esta tarde a las 19:00, unas 250.000 personas\u00bb se hicieron presentes en Roma para rezar por el eterno descanso del Santo Padre.<\/p>\n","protected":false},"excerpt":{"rendered":"<p>El f&eacute;retro que contiene los restos mortales del papa Francisco fue cerrado despu&eacute;s que alrededor de 250 mil fieles dieran el &uacute;ltimo adi&oacute;s a la Bas&iacute;lica de San Pedro y a partir de ahora se inician los preparativos para el funeral de este s&aacute;bado. De acuerdo a la informaci&oacute;n de la Oficina de Prensa del [&hellip;]<\/p>\n","protected":false},"author":2,"featured_media":12581,"comment_status":"open","ping_status":"open","sticky":false,"template":"","format":"standard","meta":{"footnotes":""},"categories":[9,726],"tags":[5824,5825,5277,3222],"class_list":["post-12580","post","type-post","status-publish","format-standard","has-post-thumbnail","hentry","category-internacionales","category-sociedad","tag-cerraron","tag-feretro","tag-francisco","tag-papa"],"_links":{"self":[{"href":"https:\/\/partediario.com.ar\/index.php?rest_route=\/wp\/v2\/posts\/12580","targetHints":{"allow":["GET"]}}],"collection":[{"href":"https:\/\/partediario.com.ar\/index.php?rest_route=\/wp\/v2\/posts"}],"about":[{"href":"https:\/\/partediario.com.ar\/index.php?rest_route=\/wp\/v2\/types\/post"}],"author":[{"embeddable":true,"href":"https:\/\/partediario.com.ar\/index.php?rest_route=\/wp\/v2\/users\/2"}],"replies":[{"embeddable":true,"href":"https:\/\/partediario.com.ar\/index.php?rest_route=%2Fwp%2Fv2%2Fcomments&post=12580"}],"version-history":[{"count":1,"href":"https:\/\/partediario.com.ar\/index.php?rest_route=\/wp\/v2\/posts\/12580\/revisions"}],"predecessor-version":[{"id":12582,"href":"https:\/\/partediario.com.ar\/index.php?rest_route=\/wp\/v2\/posts\/12580\/revisions\/12582"}],"wp:featuredmedia":[{"embeddable":true,"href":"https:\/\/partediario.com.ar\/index.php?rest_route=\/wp\/v2\/media\/12581"}],"wp:attachment":[{"href":"https:\/\/partediario.com.ar\/index.php?rest_route=%2Fwp%2Fv2%2Fmedia&parent=12580"}],"wp:term":[{"taxonomy":"category","embeddable":true,"href":"https:\/\/partediario.com.ar\/index.php?rest_route=%2Fwp%2Fv2%2Fcategories&post=12580"},{"taxonomy":"post_tag","embeddable":true,"href":"https:\/\/partediario.com.ar\/index.php?rest_route=%2Fwp%2Fv2%2Ftags&post=12580"}],"curies":[{"name":"wp","href":"https:\/\/api.w.org\/{rel}","templated":true}]}}