{"id":12586,"date":"2025-04-27T12:00:07","date_gmt":"2025-04-27T15:00:07","guid":{"rendered":"https:\/\/partediario.com.ar\/?p=12586"},"modified":"2025-04-28T10:31:46","modified_gmt":"2025-04-28T13:31:46","slug":"se-registro-un-fuerte-sismo-en-mendoza-alcanzo-magnitud-5-en-la-escala-de-richter","status":"publish","type":"post","link":"https:\/\/partediario.com.ar\/?p=12586","title":{"rendered":"Se registr\u00f3 un fuerte sismo en Mendoza: alcanz\u00f3 magnitud 5 en la escala de Richter"},"content":{"rendered":"\n<h2 class=\"wp-block-heading\">Un fuerte sismo se produjo este domingo a las 8:37 en el Valle de Uco, provincia de Mendoza, seg\u00fan informaci\u00f3n brindada por el Instituto Nacional de Prevenci\u00f3n S\u00edsmica (Inpres).<\/h2>\n\n\n\n<p>El temblor alcanz\u00f3 una magnitud de 5\u00ba en la escala de Richter, con un epicentro ubicado a 75 km al noroeste de San Rafael y a 246 km al sur de la ciudad de Mendoza. La profundidad del movimiento tel\u00farico fue de 30 kil\u00f3metros.<\/p>\n\n\n\n<p>En principio, un informe preliminar autom\u00e1tico hab\u00eda calculado la magnitud en 5,7\u00ba, pero tras el an\u00e1lisis manual de los sism\u00f3logos del Inpres, se ajust\u00f3 a 5\u00ba. La profundidad del sismo contribuy\u00f3 a que se sintiera de manera prolongada en toda la zona.<\/p>\n\n\n\n<p>El fen\u00f3meno fue registrado adem\u00e1s por el Centro Sismol\u00f3gico Nacional de Chile, que report\u00f3 una magnitud de momento de 4,4\u00ba, ubicando el epicentro en la misma zona del Valle de Uco, aunque m\u00e1s pr\u00f3ximo al l\u00edmite internacional, en la cordillera de los Andes.<\/p>\n\n\n\n<p>A los pocos minutos de detectarse el temblor, numerosos mendocinos alertaron la situaci\u00f3n a trav\u00e9s de las redes sociales, expresando su sorpresa ante un fen\u00f3meno relativamente frecuente en la regi\u00f3n cuyana, pero que puede resultar impactante, especialmente para los turistas.<\/p>\n\n\n\n<p>Hasta el momento no se han reportado da\u00f1os materiales ni v\u00edctimas como consecuencia del sismo. No obstante, las autoridades locales permanecen en estado de alerta para evaluar posibles efectos secundarios en edificaciones e infraestructura vial de la regi\u00f3n.<\/p>\n\n\n\n<p>Cabe se\u00f1alar, que durante el s\u00e1bado se hab\u00edan registrado otros dos sismos de menor intensidad en la provincia de Mendoza: uno de 2,7\u00ba con epicentro cerca de Las Cuevas y otro de 2,5\u00ba al noreste de Lavalle.<\/p>\n\n\n\n<p class=\"has-medium-font-size\"><strong>Recomendaciones ante este tipo de eventos<\/strong><\/p>\n\n\n\n<p class=\"has-medium-font-size\"><strong>Ante la ocurrencia de movimientos tel\u00faricos, la provincia de Mendoza, ubicada en una zona de alta actividad s\u00edsmica, recuerda estas principales recomendaciones:<\/strong><\/p>\n\n\n\n<ul class=\"wp-block-list\">\n<li>Mantener la calma para evitar el p\u00e1nico.<\/li>\n\n\n\n<li>Ejecutar el Plan de Acci\u00f3n Familiar sin distracciones.<\/li>\n\n\n\n<li>Resguardarse en zonas seguras como debajo de vigas y columnas.<\/li>\n\n\n\n<li>Mantenerse alejado de objetos que puedan caer.<\/li>\n\n\n\n<li>Adoptar la posici\u00f3n lateral de seguridad: recostarse sobre el costado derecho del cuerpo, con ambas manos protegiendo los costados de la cabeza, en postura fetal.<\/li>\n\n\n\n<li>No precipitarse a salir durante el sismo, esperar a que finalice el movimiento para una evacuaci\u00f3n segura.<\/li>\n\n\n\n<li>Cerrar las llaves de gas si es posible y cortar el suministro el\u00e9ctrico.<\/li>\n\n\n\n<li>Evitar el uso de f\u00f3sforos o encendedores.<\/li>\n\n\n\n<li>Protegerse en el lugar designado y asistir a cualquier persona herida cercana.<\/li>\n\n\n\n<li>Evacuar con rapidez pero sin correr riesgos, llevando consigo pertenencias personales si es posible.<\/li>\n\n\n\n<li>Una vez finalizado el temblor, tomar la mochila de emergencia.<\/li>\n\n\n\n<li>Verificar la existencia de lesionados, incendios o fugas.<\/li>\n\n\n\n<li>Ante cualquier situaci\u00f3n de riesgo, comunicarse de inmediato con el 911.<\/li>\n\n\n\n<li>Usar el tel\u00e9fono exclusivamente para emergencias.<\/li>\n\n\n\n<li>Sintonizar la radio para mantenerse informado.<\/li>\n\n\n\n<li>Evacuar el inmueble si fuera necesario, hacerlo en calma y reunirse con la familia en un lugar previamente acordado.<\/li>\n<\/ul>\n","protected":false},"excerpt":{"rendered":"<p>Un fuerte sismo se produjo este domingo a las 8:37 en el Valle de Uco, provincia de Mendoza, seg&uacute;n informaci&oacute;n brindada por el Instituto Nacional de Prevenci&oacute;n S&iacute;smica (Inpres). El temblor alcanz&oacute; una magnitud de 5&ordm; en la escala de Richter, con un epicentro ubicado a 75 km al noroeste de San Rafael y a [&hellip;]<\/p>\n","protected":false},"author":2,"featured_media":12587,"comment_status":"open","ping_status":"open","sticky":false,"template":"","format":"standard","meta":{"footnotes":""},"categories":[5,726],"tags":[347,5428,5829],"class_list":["post-12586","post","type-post","status-publish","format-standard","has-post-thumbnail","hentry","category-nacionales","category-sociedad","tag-mendoza","tag-sismo","tag-valle-de-uco"],"_links":{"self":[{"href":"https:\/\/partediario.com.ar\/index.php?rest_route=\/wp\/v2\/posts\/12586","targetHints":{"allow":["GET"]}}],"collection":[{"href":"https:\/\/partediario.com.ar\/index.php?rest_route=\/wp\/v2\/posts"}],"about":[{"href":"https:\/\/partediario.com.ar\/index.php?rest_route=\/wp\/v2\/types\/post"}],"author":[{"embeddable":true,"href":"https:\/\/partediario.com.ar\/index.php?rest_route=\/wp\/v2\/users\/2"}],"replies":[{"embeddable":true,"href":"https:\/\/partediario.com.ar\/index.php?rest_route=%2Fwp%2Fv2%2Fcomments&post=12586"}],"version-history":[{"count":1,"href":"https:\/\/partediario.com.ar\/index.php?rest_route=\/wp\/v2\/posts\/12586\/revisions"}],"predecessor-version":[{"id":12588,"href":"https:\/\/partediario.com.ar\/index.php?rest_route=\/wp\/v2\/posts\/12586\/revisions\/12588"}],"wp:featuredmedia":[{"embeddable":true,"href":"https:\/\/partediario.com.ar\/index.php?rest_route=\/wp\/v2\/media\/12587"}],"wp:attachment":[{"href":"https:\/\/partediario.com.ar\/index.php?rest_route=%2Fwp%2Fv2%2Fmedia&parent=12586"}],"wp:term":[{"taxonomy":"category","embeddable":true,"href":"https:\/\/partediario.com.ar\/index.php?rest_route=%2Fwp%2Fv2%2Fcategories&post=12586"},{"taxonomy":"post_tag","embeddable":true,"href":"https:\/\/partediario.com.ar\/index.php?rest_route=%2Fwp%2Fv2%2Ftags&post=12586"}],"curies":[{"name":"wp","href":"https:\/\/api.w.org\/{rel}","templated":true}]}}