{"id":12592,"date":"2025-04-27T12:18:02","date_gmt":"2025-04-27T15:18:02","guid":{"rendered":"https:\/\/partediario.com.ar\/?p=12592"},"modified":"2025-04-28T10:31:39","modified_gmt":"2025-04-28T13:31:39","slug":"miles-de-fieles-de-todo-el-mundo-visitan-su-sepulcro-del-papa-francisco-en-roma","status":"publish","type":"post","link":"https:\/\/partediario.com.ar\/?p=12592","title":{"rendered":"Miles de fieles de todo el mundo visitan su sepulcro del Papa Francisco en Roma"},"content":{"rendered":"\n<h2 class=\"wp-block-heading\">En el primer d\u00eda de apertura al p\u00fablico, decenas de miles de fieles se congregaron en la Bas\u00edlica de Santa Mar\u00eda la Mayor en Roma, formando largas filas para rendir homenaje al papa Francisco y visitar su tumba.<\/h2>\n\n\n\n<p>Luego de la ceremonia privada del s\u00e1bado, posterior a su multitudinario funeral, los restos de Jorge Bergoglio descansan en una sepultura de piedra, iluminada tenuemente. Fiel a su estilo de sencillez, la l\u00e1pida \u00fanicamente presenta la inscripci\u00f3n en lat\u00edn: \u00abFranciscus\u00bb.<\/p>\n\n\n\n<p>Tal como lo orden\u00f3 el propio Francisco en su testamento, la l\u00e1pida es de piedra de Liguria, la tierra de sus antepasados italianos. Una rosa blanca fue colocada sobre la tumba, y en la pared, sobre ella, se exhibe una reproducci\u00f3n de la cruz pectoral del difunto pont\u00edfice.<\/p>\n\n\n\n<p>En las primeras horas de apertura, se estima que alrededor de 20.000 personas pasaron frente a la tumba. Incluso una hora antes de que la bas\u00edlica abriera sus puertas, unas 200 personas ya hac\u00edan fila, ansiosas por despedirse del Papa Francisco y rendirle tributo en su lugar de descanso final.<\/p>\n\n\n\n<p>La bas\u00edlica de Santa Mar\u00eda la Mayor, una de las cuatro bas\u00edlicas papales mayores de Roma, tiene un significado especial para el Papa Francisco. A lo largo de su pontificado, visit\u00f3 en varias oportunidades este templo para orar ante el icono de la Virgen Salus Populi Romani. La elecci\u00f3n de este lugar para su sepultura, como lo expres\u00f3 en su testamento, refleja su profunda devoci\u00f3n mariana.<\/p>\n\n\n\n<p>La piedra de Liguria, elegida para la l\u00e1pida, evoca sus ra\u00edces italianas, conect\u00e1ndolo con la tierra de sus antepasados.<\/p>\n\n\n\n<p>La presencia masiva de fieles en este primer d\u00eda de apertura demuestra el profundo impacto que el Papa Francisco tuvo en la vida de millones de personas en todo el mundo. Se aguarda que la peregrinaci\u00f3n a su tumba, contin\u00fae en los pr\u00f3ximos d\u00edas, convirtiendo la Bas\u00edlica de Santa Mar\u00eda la Mayor en un lugar de peregrinaci\u00f3n y recuerdo.<\/p>\n","protected":false},"excerpt":{"rendered":"<p>En el primer d&iacute;a de apertura al p&uacute;blico, decenas de miles de fieles se congregaron en la Bas&iacute;lica de Santa Mar&iacute;a la Mayor en Roma, formando largas filas para rendir homenaje al papa Francisco y visitar su tumba. Luego de la ceremonia privada del s&aacute;bado, posterior a su multitudinario funeral, los restos de Jorge Bergoglio [&hellip;]<\/p>\n","protected":false},"author":2,"featured_media":12593,"comment_status":"open","ping_status":"open","sticky":false,"template":"","format":"standard","meta":{"footnotes":""},"categories":[9,726],"tags":[5785,5832,336,5833,996],"class_list":["post-12592","post","type-post","status-publish","format-standard","has-post-thumbnail","hentry","category-internacionales","category-sociedad","tag-fieles","tag-miles","tag-papa-francisco","tag-sepulcro","tag-visita"],"_links":{"self":[{"href":"https:\/\/partediario.com.ar\/index.php?rest_route=\/wp\/v2\/posts\/12592","targetHints":{"allow":["GET"]}}],"collection":[{"href":"https:\/\/partediario.com.ar\/index.php?rest_route=\/wp\/v2\/posts"}],"about":[{"href":"https:\/\/partediario.com.ar\/index.php?rest_route=\/wp\/v2\/types\/post"}],"author":[{"embeddable":true,"href":"https:\/\/partediario.com.ar\/index.php?rest_route=\/wp\/v2\/users\/2"}],"replies":[{"embeddable":true,"href":"https:\/\/partediario.com.ar\/index.php?rest_route=%2Fwp%2Fv2%2Fcomments&post=12592"}],"version-history":[{"count":1,"href":"https:\/\/partediario.com.ar\/index.php?rest_route=\/wp\/v2\/posts\/12592\/revisions"}],"predecessor-version":[{"id":12594,"href":"https:\/\/partediario.com.ar\/index.php?rest_route=\/wp\/v2\/posts\/12592\/revisions\/12594"}],"wp:featuredmedia":[{"embeddable":true,"href":"https:\/\/partediario.com.ar\/index.php?rest_route=\/wp\/v2\/media\/12593"}],"wp:attachment":[{"href":"https:\/\/partediario.com.ar\/index.php?rest_route=%2Fwp%2Fv2%2Fmedia&parent=12592"}],"wp:term":[{"taxonomy":"category","embeddable":true,"href":"https:\/\/partediario.com.ar\/index.php?rest_route=%2Fwp%2Fv2%2Fcategories&post=12592"},{"taxonomy":"post_tag","embeddable":true,"href":"https:\/\/partediario.com.ar\/index.php?rest_route=%2Fwp%2Fv2%2Ftags&post=12592"}],"curies":[{"name":"wp","href":"https:\/\/api.w.org\/{rel}","templated":true}]}}