{"id":12595,"date":"2025-04-27T12:28:25","date_gmt":"2025-04-27T15:28:25","guid":{"rendered":"https:\/\/partediario.com.ar\/?p=12595"},"modified":"2025-04-28T10:31:35","modified_gmt":"2025-04-28T13:31:35","slug":"milei-condecorara-con-la-orden-de-mayo-a-huerta-de-soto-en-casa-rosada","status":"publish","type":"post","link":"https:\/\/partediario.com.ar\/?p=12595","title":{"rendered":"Milei condecorar\u00e1 con la Orden de Mayo a Huerta de Soto en Casa Rosada"},"content":{"rendered":"\n<h2 class=\"wp-block-heading\">El presidente Javier Milei arrib\u00f3 al pa\u00eds este ma\u00f1ana desde Roma, tras asistir a las exequias del Papa Francisco, y retomar\u00e1 la agenda con un acto en el que condecorar\u00e1 con la Orden de Mayo al economista Jes\u00fas Huerta de Soto, esta tarde en Casa Rosada.<\/h2>\n\n\n\n<p>El avi\u00f3n ARG01 que traslad\u00f3 a la delegaci\u00f3n presidencial que asisti\u00f3 al funeral de Jorge Bergoglio toc\u00f3 pista en el Aeroparque Jorge Newbery a las 7.50, tras haber despegado ayer del aeropuerto de Fiumicino a las 20.14 hora local (15.14 en la Argentina), con destino a Gran Canaria, donde efectu\u00f3 una escala t\u00e9cnica para reabastecimiento y luego continuar su vuelo rumbo a Buenos Aires.<\/p>\n\n\n\n<p>A excepci\u00f3n de la ministra de Seguridad, Patricia Bullrich, con agenda en Londres, regresaron esta ma\u00f1ana al pa\u00eds el jefe de Gabinete, Guillermo Francos, y los ministros Sandra Pettovello (Capital Humano) y Gerardo Werthein (Relaciones Exteriores y Culto); adem\u00e1s del vocero presidencial, Manuel Adorni, y la secretaria general de la Presidencia, Karina Milei.<\/p>\n\n\n\n<p>Luego de suspender por una semana la agenda a ra\u00edz del fallecimiento del Papa Francisco, el presidente retomar\u00e1 de lleno la actividad con un acto en el Sal\u00f3n Blanco de Casa Rosada para celebrar la presencia del economista favorito del libertario.<\/p>\n\n\n\n<p>\u201cEl profesor Jes\u00fas Huerta de Soto es el anarco capitalista m\u00e1s importante del mundo. De hecho es quien ha acu\u00f1ado el t\u00e9rmino anarcocapitalismo. Es un liberal libertario y, si uno quiere ser m\u00e1s estricto, \u00e9l dir\u00eda que es paleolibertario, o sea un libertario, como Dios manda, porque adem\u00e1s es un profundo creyente. Es una gran fuente de inspiraci\u00f3n\u201d, defini\u00f3 el mandatario el pasado viernes en declaraciones radiales.<\/p>\n\n\n\n<p>Milei lo condecorar\u00e1 con la Orden de Mayo que seg\u00fan el decreto\/ley 16629 \/ 1957, se entrega exclusivamente a ciudadanos civiles y militares extranjeros que \u201cse hayan distinguido por sus servicios y obras personales y merezcan la gratitud de la Naci\u00f3n\u201d.<\/p>\n\n\n\n<p>El economista espa\u00f1ol es doctor en Derecho y Econ\u00f3micas, posee cuatro doctorados y es conocido por haber escrito varios ensayos, adem\u00e1s de la tesis Socialismo, c\u00e1lculo econ\u00f3mico y funci\u00f3n empresarial.<\/p>\n\n\n\n<p>El pasado mi\u00e9rcoles 16 de abril lleg\u00f3 al pa\u00eds junto a su familia y fue invitado a cenar a la quinta de Olivos en compa\u00f1\u00eda de su esposa y el economista Philipp Bagus.<\/p>\n\n\n\n<p>Las \u00fanicas actividades del Presidente que se llevaron adelante al cierre de la semana giraron en torno a la presidencia de Huerta de Soto. El pasado jueves, a las 19, le hizo entrega del premio Honoris Causa en la Escuela Superior de Econom\u00eda y Administraci\u00f3n de Empresas (ESEADE), donde disert\u00f3 durante unos 20 minutos en los que destac\u00f3 los hitos de su economista favorito.<\/p>\n\n\n\n<p>En la ma\u00f1ana del viernes, el jefe de Estado lo sorprendi\u00f3 en los estudios de A24, mientras el economista brindaba una entrevista con Antonio Laje. Al t\u00e9rmino, lo invit\u00f3 a Casa Rosada junto a su familia donde fue recibido por Javier y Karina Milei.<\/p>\n\n\n\n<p>La presencia de Huerta de Soto en la Argentina es muy importante para el presidente argentino que, en su discurso de asunci\u00f3n del 10 de diciembre de 2023, utiliz\u00f3 una cita en su discurso: \u00abComo dice el gran Jes\u00fas Huerta de Soto, los planes contra la pobreza generan m\u00e1s pobreza, la \u00fanica manera de salir de la pobreza es con m\u00e1s libertad\u00bb, dijo en aquella oportunidad.<\/p>\n\n\n\n<p>El espa\u00f1ol dirige un M\u00e1ster en Econom\u00eda de la Escuela Austr\u00edaca, una corriente ultraliberal que se\u00f1ala que las decisiones econ\u00f3micas no deber\u00edan ser tomadas ni por el Estado ni cualquier otra autoridad central, sino por los individuos.<\/p>\n\n\n\n<p>En las pr\u00f3ximas semanas se ver\u00e1 a Mieli, recorriendo las calles de la Ciudad junto a Adorni y gran parte del Gabinete, con el objetivo de ligar su imagen a la del funcionario, y el lunes 5 de mayo estar\u00e1 presente en el programa de streaming La Misa que conduce Daniel Parisini, mejor conocido como \u201cEl Gordo Dan\u201d.<\/p>\n","protected":false},"excerpt":{"rendered":"<p>El presidente Javier Milei arrib&oacute; al pa&iacute;s este ma&ntilde;ana desde Roma, tras asistir a las exequias del Papa Francisco, y retomar&aacute; la agenda con un acto en el que condecorar&aacute; con la Orden de Mayo al economista Jes&uacute;s Huerta de Soto, esta tarde en Casa Rosada. El avi&oacute;n ARG01 que traslad&oacute; a la delegaci&oacute;n presidencial [&hellip;]<\/p>\n","protected":false},"author":2,"featured_media":12596,"comment_status":"open","ping_status":"open","sticky":false,"template":"","format":"standard","meta":{"footnotes":""},"categories":[5,176],"tags":[1853,232,5835,5834],"class_list":["post-12595","post","type-post","status-publish","format-standard","has-post-thumbnail","hentry","category-nacionales","category-politica","tag-casa-rosada","tag-javier-milei","tag-jesus-huerta-de-soto","tag-orden-de-mayo"],"_links":{"self":[{"href":"https:\/\/partediario.com.ar\/index.php?rest_route=\/wp\/v2\/posts\/12595","targetHints":{"allow":["GET"]}}],"collection":[{"href":"https:\/\/partediario.com.ar\/index.php?rest_route=\/wp\/v2\/posts"}],"about":[{"href":"https:\/\/partediario.com.ar\/index.php?rest_route=\/wp\/v2\/types\/post"}],"author":[{"embeddable":true,"href":"https:\/\/partediario.com.ar\/index.php?rest_route=\/wp\/v2\/users\/2"}],"replies":[{"embeddable":true,"href":"https:\/\/partediario.com.ar\/index.php?rest_route=%2Fwp%2Fv2%2Fcomments&post=12595"}],"version-history":[{"count":1,"href":"https:\/\/partediario.com.ar\/index.php?rest_route=\/wp\/v2\/posts\/12595\/revisions"}],"predecessor-version":[{"id":12597,"href":"https:\/\/partediario.com.ar\/index.php?rest_route=\/wp\/v2\/posts\/12595\/revisions\/12597"}],"wp:featuredmedia":[{"embeddable":true,"href":"https:\/\/partediario.com.ar\/index.php?rest_route=\/wp\/v2\/media\/12596"}],"wp:attachment":[{"href":"https:\/\/partediario.com.ar\/index.php?rest_route=%2Fwp%2Fv2%2Fmedia&parent=12595"}],"wp:term":[{"taxonomy":"category","embeddable":true,"href":"https:\/\/partediario.com.ar\/index.php?rest_route=%2Fwp%2Fv2%2Fcategories&post=12595"},{"taxonomy":"post_tag","embeddable":true,"href":"https:\/\/partediario.com.ar\/index.php?rest_route=%2Fwp%2Fv2%2Ftags&post=12595"}],"curies":[{"name":"wp","href":"https:\/\/api.w.org\/{rel}","templated":true}]}}