{"id":12599,"date":"2025-04-27T14:35:38","date_gmt":"2025-04-27T17:35:38","guid":{"rendered":"https:\/\/partediario.com.ar\/?p=12599"},"modified":"2025-04-28T10:31:31","modified_gmt":"2025-04-28T13:31:31","slug":"macarena-la-tiktokera-y-cm-regresando-de-roma-y-que-adorni-nego-que-viajara","status":"publish","type":"post","link":"https:\/\/partediario.com.ar\/?p=12599","title":{"rendered":"Macarena, la tiktokera y CM regresando de Roma y que Adorni neg\u00f3 que viajara"},"content":{"rendered":"\n<h2 class=\"wp-block-heading\">Una fotograf\u00edatomada este domingo 27 de abril por la ma\u00f1ana en el Aeroparque Jorge Newbery puede observarse no solo a los principales funcionarios del gobierno de Javier Milei, sino adem\u00e1s a Macarena Jimena Rodr\u00edguez, conocida como la funcionaria digital y que el candidato a legislador, Manuel Adorni, neg\u00f3 que sea su CM.<\/h2>\n\n\n\n<p>La fotograf\u00eda fue tomada luego del regreso de la comitiva oficial desde Roma, donde el presidente Milei y sus ministros participaron del funeral del Papa Francisco, a medias.<\/p>\n\n\n\n<p>La aparici\u00f3n de Rodr\u00edguez en el vuelo oficial gener\u00f3 una \u00e1spera cr\u00edtica p\u00fablica. La controversia se agrav\u00f3 aun mas, cuando Adorni negara tener un \u201ccommunity manager\u201d (CM) y calificara las versiones como \u201cfake news\u201d a trav\u00e9s de su cuenta en X (ex Twitter), sin confirmar ni desmentir expl\u00edcitamente la presencia de la joven funcionaria en la delegaci\u00f3n oficial que viaj\u00f3 a Roma.<\/p>\n\n\n\n<p>La situaci\u00f3n genera serios interrogantes sobre el uso de los recursos p\u00fablicos y la coherencia del discurso oficialista que, en un contexto de ajuste fiscal y denuncia constante contra \u00abla casta pol\u00edtica\u00bb, hace lo contrario. \u00abHas lo que yo digo, pero no lo que yo hago\u00bb.<\/p>\n\n\n\n<p class=\"has-medium-font-size\"><strong>\u00bfQui\u00e9n es Macarena Rodr\u00edguez?<\/strong><\/p>\n\n\n\n<p>Macarena Jimena Rodr\u00edguez fue nombrada oficialmente el 1\u00b0 de febrero de 2025 como Coordinadora de Contenidos de Activos Digitales de la Presidencia de la Naci\u00f3n, dependiente de la Subsecretar\u00eda de Vocer\u00eda y Comunicaci\u00f3n de Gobierno.<\/p>\n\n\n\n<p>El nombramiento, dado a conocer por el periodista Federico Teijeiro en el programa \u00abGuada Recargada\u00bb, se realiz\u00f3 bajo el r\u00e9gimen del Sistema Nacional de Empleo P\u00fablico (SINEP), con nivel B, grado 0, funci\u00f3n ejecutiva IV, de car\u00e1cter transitorio por 180 d\u00edas h\u00e1biles, seg\u00fan reza al decreto 2098\/08.<\/p>\n\n\n\n<p>Antes de su llegada al equipo de comunicaci\u00f3n oficial, Rodr\u00edguez se destacaba como \u00abtiktokera libertaria\u00bb, generando contenidos de fuerte tono ideol\u00f3gico a favor de las ideas de la libertad, una de las supuestas banderas del presidente Milei. Su arribo a la estructura del Gobierno consolid\u00f3 la apuesta oficial por las redes sociales como v\u00eda directa de comunicaci\u00f3n con la ciudadan\u00eda.<\/p>\n\n\n\n<p>Lo cierto es que el viaje de Rodr\u00edguez al Vaticano no es un hecho menor. Se trat\u00f3 de un desplazamiento diplom\u00e1tico de alta relevancia institucional: asistir al funeral del primer papa argentino, una figura de talla global. La presencia de una coordinadora de redes sociales en una ceremonia de car\u00e1cter estrictamente protocolar y de duelo de Estado provoc\u00f3 fuertes cr\u00edticas.<\/p>\n\n\n\n<p>\u00bfEra necesaria su participaci\u00f3n? \u00bfQu\u00e9 funci\u00f3n espec\u00edfica pod\u00eda cumplir una especialista en redes sociales en un evento de esas caracter\u00edsticas? \u00bfQui\u00e9n financi\u00f3 el traslado y la estad\u00eda? Son preguntas que hasta el momento el Gobierno no ha contestado con claridad.<\/p>\n\n\n\n<p>Seg\u00fan se supo, los gastos del viaje de la comitiva oficial habr\u00edan sido cubiertos con fondos p\u00fablicos, como suele suceder en los desplazamientos protocolares internacionales. La falta de transparencia del actual gobierno, aliment\u00f3 a\u00fan m\u00e1s el malestar social, en especial porque ocurre en medio de una fuerte campa\u00f1a de ajuste del gasto estatal.<\/p>\n\n\n\n<p class=\"has-medium-font-size\"><strong>Que dijo Adorni<\/strong><\/p>\n\n\n\n<p>Despu\u00e9s que se viralizara la informaci\u00f3n del viaje, Adorni opt\u00f3 por una respuesta escueta: \u00abFake: nunca tuve CM. Fin\u00bb. No mencion\u00f3 a Rodr\u00edguez ni explic\u00f3 si ella integr\u00f3 o no el vuelo presidencial. Y no brind\u00f3 precisiones sobre su eventual tarea en Roma ni sobre los costos asociados a su participaci\u00f3n.<\/p>\n\n\n\n<p>El silencio oficial para muchos, es m\u00e1s que elocuente que cualquier confirmaci\u00f3n expl\u00edcita. Lejos de apaciguar las cr\u00edticas, dej\u00f3 lugar para la interpretaci\u00f3n de que, efectivamente, Rodr\u00edguez viaj\u00f3 en el avi\u00f3n presidencial junto a la plana mayor del Gobierno.<\/p>\n\n\n\n<p>Simult\u00e1neamente, circularon im\u00e1genes en redes sociales donde se observa a Macarena Rodr\u00edguez cubriendo actos proselitistas, lo que apuntal\u00f3 las cr\u00edticas, estamos hablando del uso de recursos p\u00fablicos para actividades partidarias, en medio de la campa\u00f1a electoral rumbo a las elecciones legislativas nacionales previstas para dentro de tres semanas.<\/p>\n\n\n\n<p class=\"has-medium-font-size\"><strong>La falacia de la lucha contra la \u00abCasta\u00bb<\/strong><\/p>\n\n\n\n<p>La controversia destaca una contradicci\u00f3n fundamental en el discurso oficialista. Mientras Javier Milei y sus principales funcionarios promueven una narrativa de lucha contra los privilegios de la \u00abcasta\u00bb, el caso de la CM negada expone pr\u00e1cticas que poco se condicen con la permanente alusi\u00f3n al recorte y eficiencia.<\/p>\n\n\n\n<p>En un escenario de creciente malestar social por la crisis econ\u00f3mica, el uso de fondos p\u00fablicos para trasladar a una community manager a un acto diplom\u00e1tico en el extranjero desat\u00f3 un vendabal de cr\u00edticias y malestar en el publico en general, indistintamente de la bander\u00eda pol\u00edtica.<\/p>\n\n\n\n<p>Hay que \u00abcuidar el peso, como oro\u00bb, dice Milei cada tanto, definitivamente esto no paso en esta ocasi\u00f3n, y tantas otras m\u00e1s. FIN<\/p>\n\n\n\n<p><\/p>\n","protected":false},"excerpt":{"rendered":"<p>Una fotograf&iacute;atomada este domingo 27 de abril por la ma&ntilde;ana en el Aeroparque Jorge Newbery puede observarse no solo a los principales funcionarios del gobierno de Javier Milei, sino adem&aacute;s a Macarena Jimena Rodr&iacute;guez, conocida como la funcionaria digital y que el candidato a legislador, Manuel Adorni, neg&oacute; que sea su CM. La fotograf&iacute;a fue [&hellip;]<\/p>\n","protected":false},"author":2,"featured_media":12600,"comment_status":"open","ping_status":"open","sticky":false,"template":"","format":"standard","meta":{"footnotes":""},"categories":[5,176],"tags":[5837,232,5836,646,5427,642],"class_list":["post-12599","post","type-post","status-publish","format-standard","has-post-thumbnail","hentry","category-nacionales","category-politica","tag-community-manage","tag-javier-milei","tag-macarena-jimena-rodriguez","tag-manuel-adorni","tag-roma","tag-viaje"],"_links":{"self":[{"href":"https:\/\/partediario.com.ar\/index.php?rest_route=\/wp\/v2\/posts\/12599","targetHints":{"allow":["GET"]}}],"collection":[{"href":"https:\/\/partediario.com.ar\/index.php?rest_route=\/wp\/v2\/posts"}],"about":[{"href":"https:\/\/partediario.com.ar\/index.php?rest_route=\/wp\/v2\/types\/post"}],"author":[{"embeddable":true,"href":"https:\/\/partediario.com.ar\/index.php?rest_route=\/wp\/v2\/users\/2"}],"replies":[{"embeddable":true,"href":"https:\/\/partediario.com.ar\/index.php?rest_route=%2Fwp%2Fv2%2Fcomments&post=12599"}],"version-history":[{"count":1,"href":"https:\/\/partediario.com.ar\/index.php?rest_route=\/wp\/v2\/posts\/12599\/revisions"}],"predecessor-version":[{"id":12601,"href":"https:\/\/partediario.com.ar\/index.php?rest_route=\/wp\/v2\/posts\/12599\/revisions\/12601"}],"wp:featuredmedia":[{"embeddable":true,"href":"https:\/\/partediario.com.ar\/index.php?rest_route=\/wp\/v2\/media\/12600"}],"wp:attachment":[{"href":"https:\/\/partediario.com.ar\/index.php?rest_route=%2Fwp%2Fv2%2Fmedia&parent=12599"}],"wp:term":[{"taxonomy":"category","embeddable":true,"href":"https:\/\/partediario.com.ar\/index.php?rest_route=%2Fwp%2Fv2%2Fcategories&post=12599"},{"taxonomy":"post_tag","embeddable":true,"href":"https:\/\/partediario.com.ar\/index.php?rest_route=%2Fwp%2Fv2%2Ftags&post=12599"}],"curies":[{"name":"wp","href":"https:\/\/api.w.org\/{rel}","templated":true}]}}