{"id":12605,"date":"2025-04-28T09:56:57","date_gmt":"2025-04-28T12:56:57","guid":{"rendered":"https:\/\/partediario.com.ar\/?p=12605"},"modified":"2025-04-30T12:06:48","modified_gmt":"2025-04-30T15:06:48","slug":"corrientes-buscan-intensamente-a-un-adolescente-que-desaparecio-en-el-rio-parana","status":"publish","type":"post","link":"https:\/\/partediario.com.ar\/?p=12605","title":{"rendered":"Corrientes: buscan intensamente a un adolescente que desapareci\u00f3 en el R\u00edo Paran\u00e1"},"content":{"rendered":"\n<h2 class=\"wp-block-heading\">La Polic\u00eda de Corrientes inform\u00f3 este domingo, que comenzaron la b\u00fasqueda de un joven que estaba pescando y desapareci\u00f3 del r\u00edo Paran\u00e1 en la capital de la provincia.<\/h2>\n\n\n\n<p>Efectivos policiales fueron alertados que un joven de 16 a\u00f1os hab\u00eda desaparecido en la zona conocida como \u201cEl Faro\u201d, donde varias personas se encontraban pescando.<\/p>\n\n\n\n<p>Seg\u00fan la informaci\u00f3n inicial, el adolescente ingres\u00f3 al r\u00edo para intentar desenganchar una l\u00ednea y desapareci\u00f3 de la superficie del agua, sin que hasta ahora se conozcan m\u00e1s detalles de lo sucedido y tampoco se ubicara al joven.<\/p>\n\n\n\n<p>Ante esta situaci\u00f3n, personal de la Prefectura Naval Argentina, en colaboraci\u00f3n con efectivos policiales, inici\u00f3 de inmediato tareas de b\u00fasqueda y localizaci\u00f3n, las cuales contin\u00faan sin resultados positivos hasta el momento.<\/p>\n\n\n\n<p>En la Comisar\u00eda Cuarta Urbana se llevan a cabo las diligencias y tr\u00e1mites correspondientes, con intervenci\u00f3n de las autoridades judiciales de turno.<\/p>\n\n\n\n<p>Noticia en desarrollo\u2026<\/p>\n","protected":false},"excerpt":{"rendered":"<p>La Polic&iacute;a de Corrientes inform&oacute; este domingo, que comenzaron la b&uacute;squeda de un joven que estaba pescando y desapareci&oacute; del r&iacute;o Paran&aacute; en la capital de la provincia. Efectivos policiales fueron alertados que un joven de 16 a&ntilde;os hab&iacute;a desaparecido en la zona conocida como &ldquo;El Faro&rdquo;, donde varias personas se encontraban pescando. Seg&uacute;n la [&hellip;]<\/p>\n","protected":false},"author":2,"featured_media":12606,"comment_status":"open","ping_status":"open","sticky":false,"template":"","format":"standard","meta":{"footnotes":""},"categories":[7,8],"tags":[449,448,951,265,2111],"class_list":["post-12605","post","type-post","status-publish","format-standard","has-post-thumbnail","hentry","category-policiales","category-provinciales","tag-busqueda","tag-corrientes","tag-joven","tag-parana","tag-rio"],"_links":{"self":[{"href":"https:\/\/partediario.com.ar\/index.php?rest_route=\/wp\/v2\/posts\/12605","targetHints":{"allow":["GET"]}}],"collection":[{"href":"https:\/\/partediario.com.ar\/index.php?rest_route=\/wp\/v2\/posts"}],"about":[{"href":"https:\/\/partediario.com.ar\/index.php?rest_route=\/wp\/v2\/types\/post"}],"author":[{"embeddable":true,"href":"https:\/\/partediario.com.ar\/index.php?rest_route=\/wp\/v2\/users\/2"}],"replies":[{"embeddable":true,"href":"https:\/\/partediario.com.ar\/index.php?rest_route=%2Fwp%2Fv2%2Fcomments&post=12605"}],"version-history":[{"count":1,"href":"https:\/\/partediario.com.ar\/index.php?rest_route=\/wp\/v2\/posts\/12605\/revisions"}],"predecessor-version":[{"id":12607,"href":"https:\/\/partediario.com.ar\/index.php?rest_route=\/wp\/v2\/posts\/12605\/revisions\/12607"}],"wp:featuredmedia":[{"embeddable":true,"href":"https:\/\/partediario.com.ar\/index.php?rest_route=\/wp\/v2\/media\/12606"}],"wp:attachment":[{"href":"https:\/\/partediario.com.ar\/index.php?rest_route=%2Fwp%2Fv2%2Fmedia&parent=12605"}],"wp:term":[{"taxonomy":"category","embeddable":true,"href":"https:\/\/partediario.com.ar\/index.php?rest_route=%2Fwp%2Fv2%2Fcategories&post=12605"},{"taxonomy":"post_tag","embeddable":true,"href":"https:\/\/partediario.com.ar\/index.php?rest_route=%2Fwp%2Fv2%2Ftags&post=12605"}],"curies":[{"name":"wp","href":"https:\/\/api.w.org\/{rel}","templated":true}]}}