{"id":12617,"date":"2025-04-28T10:18:01","date_gmt":"2025-04-28T13:18:01","guid":{"rendered":"https:\/\/partediario.com.ar\/?p=12617"},"modified":"2025-04-30T12:06:33","modified_gmt":"2025-04-30T15:06:33","slug":"sobre-santiago-caputo-es-un-asesor-y-no-tiene-firma-ejecutiva-expreso-guillermo-francos","status":"publish","type":"post","link":"https:\/\/partediario.com.ar\/?p=12617","title":{"rendered":"Sobre Santiago Caputo: \u00abEs un asesor y no tiene firma ejecutiva\u00bb, expres\u00f3 Guillermo Francos"},"content":{"rendered":"\n<h2 class=\"wp-block-heading\">El jefe del Gabinete Nacional, Guillermo Francos, relativiz\u00f3 hoy los dichos del presidente Javier Milei, quien lo puso en un plano inferior al asesor Santiago Caputo dentro del Gobierno, y destac\u00f3: \u201cFinalmente el jefe de Gabinete soy yo\u201d.<\/h2>\n\n\n\n<p>\u201cEl Presidente tiene a su asesor Santiago Caputo, con el que consulta muchos temas, pero finalmente el jefe de Gabinete soy yo. Soy yo el que me hago responsable de los actos que firmo\u201d, manifest\u00f3 Francos en declaraciones radiales.<\/p>\n\n\n\n<p>El funcionario hizo referencia de esta forma a las afirmaciones de Milei, quien en declaraciones period\u00edsticas precis\u00f3 la forma en la que se toman las decisiones en el Gobierno, y en ese marco puso a Francos, m\u00e1ximo responsable de la administraci\u00f3n, por debajo de Caputo, quien hasta ahora es asesor sin cargo oficial.<\/p>\n\n\n\n<p>Consultado sobre por qu\u00e9 Milei lo coloc\u00f3 por debajo de Caputo en la pir\u00e1mide de decisiones gubernamentales, Francos se\u00f1al\u00f3: \u201cNo creo que haya sido esa la intenci\u00f3n del presidente. Santiago Caputo es un asesor, pero no tiene firma ejecutiva. Por ah\u00ed \u00e9l (por Milei) conf\u00eda en Santiago Caputo para que opine\u201d, apunt\u00f3.<\/p>\n\n\n\n<p>\u201cA m\u00ed nunca el Presidente me ha cuestionado ninguno de los temas que le he sugerido\u201d, agreg\u00f3, y aclar\u00f3 que la afirmaci\u00f3n del mandatario que lo pone por debajo de Caputo \u201cNo es una expresi\u00f3n que me moleste para nada\u201d.<\/p>\n","protected":false},"excerpt":{"rendered":"<p>El jefe del Gabinete Nacional, Guillermo Francos, relativiz&oacute; hoy los dichos del presidente Javier Milei, quien lo puso en un plano inferior al asesor Santiago Caputo dentro del Gobierno, y destac&oacute;: &ldquo;Finalmente el jefe de Gabinete soy yo&rdquo;. &ldquo;El Presidente tiene a su asesor Santiago Caputo, con el que consulta muchos temas, pero finalmente el [&hellip;]<\/p>\n","protected":false},"author":2,"featured_media":12618,"comment_status":"open","ping_status":"open","sticky":false,"template":"","format":"standard","meta":{"footnotes":""},"categories":[5,176],"tags":[329,232,1929],"class_list":["post-12617","post","type-post","status-publish","format-standard","has-post-thumbnail","hentry","category-nacionales","category-politica","tag-guillermo-francos","tag-javier-milei","tag-santiago-caputo"],"_links":{"self":[{"href":"https:\/\/partediario.com.ar\/index.php?rest_route=\/wp\/v2\/posts\/12617","targetHints":{"allow":["GET"]}}],"collection":[{"href":"https:\/\/partediario.com.ar\/index.php?rest_route=\/wp\/v2\/posts"}],"about":[{"href":"https:\/\/partediario.com.ar\/index.php?rest_route=\/wp\/v2\/types\/post"}],"author":[{"embeddable":true,"href":"https:\/\/partediario.com.ar\/index.php?rest_route=\/wp\/v2\/users\/2"}],"replies":[{"embeddable":true,"href":"https:\/\/partediario.com.ar\/index.php?rest_route=%2Fwp%2Fv2%2Fcomments&post=12617"}],"version-history":[{"count":1,"href":"https:\/\/partediario.com.ar\/index.php?rest_route=\/wp\/v2\/posts\/12617\/revisions"}],"predecessor-version":[{"id":12619,"href":"https:\/\/partediario.com.ar\/index.php?rest_route=\/wp\/v2\/posts\/12617\/revisions\/12619"}],"wp:featuredmedia":[{"embeddable":true,"href":"https:\/\/partediario.com.ar\/index.php?rest_route=\/wp\/v2\/media\/12618"}],"wp:attachment":[{"href":"https:\/\/partediario.com.ar\/index.php?rest_route=%2Fwp%2Fv2%2Fmedia&parent=12617"}],"wp:term":[{"taxonomy":"category","embeddable":true,"href":"https:\/\/partediario.com.ar\/index.php?rest_route=%2Fwp%2Fv2%2Fcategories&post=12617"},{"taxonomy":"post_tag","embeddable":true,"href":"https:\/\/partediario.com.ar\/index.php?rest_route=%2Fwp%2Fv2%2Ftags&post=12617"}],"curies":[{"name":"wp","href":"https:\/\/api.w.org\/{rel}","templated":true}]}}