{"id":12623,"date":"2025-04-28T10:30:58","date_gmt":"2025-04-28T13:30:58","guid":{"rendered":"https:\/\/partediario.com.ar\/?p=12623"},"modified":"2025-04-30T12:06:26","modified_gmt":"2025-04-30T15:06:26","slug":"apagon-masivo-afecta-a-espana-sur-de-francia-y-portugal","status":"publish","type":"post","link":"https:\/\/partediario.com.ar\/?p=12623","title":{"rendered":"Apag\u00f3n masivo afecta a Espa\u00f1a, sur de Francia y Portugal"},"content":{"rendered":"\n<h2 class=\"wp-block-heading\">Espa\u00f1a sufre desde este lunes un apag\u00f3n el\u00e9ctrico masivo que tambi\u00e9n afectaba a Andorra, sur de Francia y Portugal, seg\u00f1un informaron medios internacionales.<\/h2>\n\n\n\n<p>Los primeros informes especulaban incluso con un posible \u00abciberataque dirigido contra el sur de Europa\u00bb.<\/p>\n\n\n\n<p>Los expertos indicaron que el apag\u00f3n podr\u00eda durar varias horas hasta que consigan levantar la luz en todos los nodos, de acuerdo a los informes de medios espa\u00f1oles.<\/p>\n\n\n\n<p>Fue desalojado el Museo del Prado y Cercan\u00edas de Madrid, mientras que funcionaban hospitales que cuentan con generadores de electricidad.<\/p>\n\n\n\n<p>Sin embargo, en Espa\u00f1a se vieron afectados el 12 de Octubre y la cl\u00ednica Jim\u00e9nez D\u00edaz.<\/p>\n\n\n\n<p><\/p>\n\n\n\n<figure class=\"wp-block-image size-large\"><img loading=\"lazy\" decoding=\"async\" width=\"1024\" height=\"680\" src=\"https:\/\/partediario.com.ar\/wp-content\/uploads\/apagon-espana-1-1024x680.jpg\" alt=\"\" class=\"wp-image-12625\" srcset=\"https:\/\/partediario.com.ar\/wp-content\/uploads\/apagon-espana-1-1024x680.jpg 1024w, https:\/\/partediario.com.ar\/wp-content\/uploads\/apagon-espana-1-300x199.jpg 300w, https:\/\/partediario.com.ar\/wp-content\/uploads\/apagon-espana-1-768x510.jpg 768w, https:\/\/partediario.com.ar\/wp-content\/uploads\/apagon-espana-1.jpg 1145w\" sizes=\"auto, (max-width: 1024px) 100vw, 1024px\" \/><\/figure>\n\n\n\n<p><\/p>\n\n\n\n<p>Los usuarios reportaron los cortes a trav\u00e9s de mensajes en las redes sociales. No hay servicio de trenes, Metro  y tampoco sem\u00e1foros, lo que gener\u00f3 varios choques en especial en Madrid.<\/p>\n\n\n\n<p>Madrid, Barcelona y Valencia figuran como las ciudades con mayores problemas.<\/p>\n\n\n\n<p>Desde Red El\u00e9ctrica destacaron que se activaron \u00abplanes de reposici\u00f3n del suministro el\u00e9ctrico en colaboraci\u00f3n con las empresas del sector tras el cero ocurrido en el sistema peninsular\u00bb.<\/p>\n\n\n\n<p>Noticia en desarrollo\u2026<\/p>\n","protected":false},"excerpt":{"rendered":"<p>Espa&ntilde;a sufre desde este lunes un apag&oacute;n el&eacute;ctrico masivo que tambi&eacute;n afectaba a Andorra, sur de Francia y Portugal, seg&ntilde;un informaron medios internacionales. Los primeros informes especulaban incluso con un posible &laquo;ciberataque dirigido contra el sur de Europa&raquo;. Los expertos indicaron que el apag&oacute;n podr&iacute;a durar varias horas hasta que consigan levantar la luz en [&hellip;]<\/p>\n","protected":false},"author":2,"featured_media":12624,"comment_status":"open","ping_status":"open","sticky":false,"template":"","format":"standard","meta":{"footnotes":""},"categories":[9,726],"tags":[5461,539,1586,3257,820],"class_list":["post-12623","post","type-post","status-publish","format-standard","has-post-thumbnail","hentry","category-internacionales","category-sociedad","tag-apagon","tag-espana","tag-francia","tag-masivo","tag-portugal"],"_links":{"self":[{"href":"https:\/\/partediario.com.ar\/index.php?rest_route=\/wp\/v2\/posts\/12623","targetHints":{"allow":["GET"]}}],"collection":[{"href":"https:\/\/partediario.com.ar\/index.php?rest_route=\/wp\/v2\/posts"}],"about":[{"href":"https:\/\/partediario.com.ar\/index.php?rest_route=\/wp\/v2\/types\/post"}],"author":[{"embeddable":true,"href":"https:\/\/partediario.com.ar\/index.php?rest_route=\/wp\/v2\/users\/2"}],"replies":[{"embeddable":true,"href":"https:\/\/partediario.com.ar\/index.php?rest_route=%2Fwp%2Fv2%2Fcomments&post=12623"}],"version-history":[{"count":1,"href":"https:\/\/partediario.com.ar\/index.php?rest_route=\/wp\/v2\/posts\/12623\/revisions"}],"predecessor-version":[{"id":12626,"href":"https:\/\/partediario.com.ar\/index.php?rest_route=\/wp\/v2\/posts\/12623\/revisions\/12626"}],"wp:featuredmedia":[{"embeddable":true,"href":"https:\/\/partediario.com.ar\/index.php?rest_route=\/wp\/v2\/media\/12624"}],"wp:attachment":[{"href":"https:\/\/partediario.com.ar\/index.php?rest_route=%2Fwp%2Fv2%2Fmedia&parent=12623"}],"wp:term":[{"taxonomy":"category","embeddable":true,"href":"https:\/\/partediario.com.ar\/index.php?rest_route=%2Fwp%2Fv2%2Fcategories&post=12623"},{"taxonomy":"post_tag","embeddable":true,"href":"https:\/\/partediario.com.ar\/index.php?rest_route=%2Fwp%2Fv2%2Ftags&post=12623"}],"curies":[{"name":"wp","href":"https:\/\/api.w.org\/{rel}","templated":true}]}}