{"id":12633,"date":"2025-04-30T11:52:56","date_gmt":"2025-04-30T14:52:56","guid":{"rendered":"https:\/\/partediario.com.ar\/?p=12633"},"modified":"2025-05-01T17:53:53","modified_gmt":"2025-05-01T20:53:53","slug":"yasky-en-la-vigilia-de-la-movilizacion-por-el-dia-del-trabajador-el-consumo-popular-cae-todos-los-dias-expreso","status":"publish","type":"post","link":"https:\/\/partediario.com.ar\/?p=12633","title":{"rendered":"Yasky en la vigilia de la movilizaci\u00f3n por el D\u00eda del Trabajador: \u201cEl consumo popular cae todos los d\u00edas\u201d, expres\u00f3"},"content":{"rendered":"\n<h2 class=\"wp-block-heading\">El diputado nacional de Uni\u00f3n por la Patria (UxP) y secretario general de la Central de Trabajadores de la Argentina (CTA), Hugo Yasky, se manifest\u00f3 en favor de la movilizaci\u00f3n de este mi\u00e9rcoles por el D\u00eda del Trabajador, poco antes que empiece la convocatoria, y se\u00f1al\u00f3 que \u201cel consumo popular cae todos los d\u00edas\u201d en nuestro pa\u00eds.<\/h2>\n\n\n\n<p>En declaraciones radiales, indic\u00f3 que, adem\u00e1s de visibilizar la \u201cpenuria\u201d que viven los trabajadores y los jubilados, esta marcha reafirma que ambos sectores est\u00e1n \u201cdispuestos a luchar\u201d.<\/p>\n\n\n\n<p>\u201cEl gobierno nos quiere convencer de que est\u00e1 todo bien, como si el FMI fuera un grupo de fil\u00e1ntropos que viene a rescatar a la Argentina. En ning\u00fan proyecto de ley toman el tema del empleo. La casta est\u00e1 m\u00e1s feliz que nunca\u201d, destac\u00f3 el legislador nacional.<\/p>\n\n\n\n<p>Y agreg\u00f3 que en el Consejo del Salario hicieron una propuesta \u201cmiserable\u201d para los trabajadores y que los empresarios pretend\u00edan dar \u201cun aumento de 5.500 pesos en cuotas\u201d que fue rechazado: \u201cEs una situaci\u00f3n de abuso absoluto, estos mismos empresarios son los que te aumentan los precios\u201d, destac\u00f3.<\/p>\n\n\n\n<p>Asimismo, y tras no acordar, desde la CTA que dirige Yasky sostuvieron que \u201cotra vez\u201d el Gobierno Nacional ser\u00e1 el actor que defina la suma del Salario M\u00ednimo, Vital y M\u00f3vil e \u201cimpondr\u00e1 un ingreso de miseria\u201d.<\/p>\n\n\n\n<p>Y se\u00f1al\u00f3 que a los trabajadores de casi todos los sectores \u201cles pagan con migajas\u201d y que el empresariado argentino est\u00e1 dispuesto \u201ca seguir tirando de la soga\u201d porque \u201cfestejan\u201d que el presidente Javier Milei llev\u00f3 adelante \u201cel ajuste m\u00e1s grande del mundo\u201d.<\/p>\n\n\n\n<p>\u201cHoy, luchamos por m\u00e1s salario, empleo y distribuci\u00f3n del ingreso\u201d, finaliz\u00f3 Yasky.<\/p>\n","protected":false},"excerpt":{"rendered":"<p>El diputado nacional de Uni&oacute;n por la Patria (UxP) y secretario general de la Central de Trabajadores de la Argentina (CTA), Hugo Yasky, se manifest&oacute; en favor de la movilizaci&oacute;n de este mi&eacute;rcoles por el D&iacute;a del Trabajador, poco antes que empiece la convocatoria, y se&ntilde;al&oacute; que &ldquo;el consumo popular cae todos los d&iacute;as&rdquo; en [&hellip;]<\/p>\n","protected":false},"author":2,"featured_media":12634,"comment_status":"open","ping_status":"open","sticky":false,"template":"","format":"standard","meta":{"footnotes":""},"categories":[978,5,176],"tags":[5752,626,224,5416,222],"class_list":["post-12633","post","type-post","status-publish","format-standard","has-post-thumbnail","hentry","category-gremiales","category-nacionales","category-politica","tag-dia-del-trabajador","tag-fmi","tag-gobierno","tag-hugo-yasky","tag-movilizacion"],"_links":{"self":[{"href":"https:\/\/partediario.com.ar\/index.php?rest_route=\/wp\/v2\/posts\/12633","targetHints":{"allow":["GET"]}}],"collection":[{"href":"https:\/\/partediario.com.ar\/index.php?rest_route=\/wp\/v2\/posts"}],"about":[{"href":"https:\/\/partediario.com.ar\/index.php?rest_route=\/wp\/v2\/types\/post"}],"author":[{"embeddable":true,"href":"https:\/\/partediario.com.ar\/index.php?rest_route=\/wp\/v2\/users\/2"}],"replies":[{"embeddable":true,"href":"https:\/\/partediario.com.ar\/index.php?rest_route=%2Fwp%2Fv2%2Fcomments&post=12633"}],"version-history":[{"count":1,"href":"https:\/\/partediario.com.ar\/index.php?rest_route=\/wp\/v2\/posts\/12633\/revisions"}],"predecessor-version":[{"id":12635,"href":"https:\/\/partediario.com.ar\/index.php?rest_route=\/wp\/v2\/posts\/12633\/revisions\/12635"}],"wp:featuredmedia":[{"embeddable":true,"href":"https:\/\/partediario.com.ar\/index.php?rest_route=\/wp\/v2\/media\/12634"}],"wp:attachment":[{"href":"https:\/\/partediario.com.ar\/index.php?rest_route=%2Fwp%2Fv2%2Fmedia&parent=12633"}],"wp:term":[{"taxonomy":"category","embeddable":true,"href":"https:\/\/partediario.com.ar\/index.php?rest_route=%2Fwp%2Fv2%2Fcategories&post=12633"},{"taxonomy":"post_tag","embeddable":true,"href":"https:\/\/partediario.com.ar\/index.php?rest_route=%2Fwp%2Fv2%2Ftags&post=12633"}],"curies":[{"name":"wp","href":"https:\/\/api.w.org\/{rel}","templated":true}]}}