{"id":12646,"date":"2025-05-01T17:38:04","date_gmt":"2025-05-01T20:38:04","guid":{"rendered":"https:\/\/partediario.com.ar\/?p=12646"},"modified":"2025-05-02T10:44:57","modified_gmt":"2025-05-02T13:44:57","slug":"el-gobierno-desafecto-a-franco-mogetta-de-la-secretaria-de-transporte","status":"publish","type":"post","link":"https:\/\/partediario.com.ar\/?p=12646","title":{"rendered":"El Gobierno desafect\u00f3 a Franco Mogetta de la Secretar\u00eda de Transporte"},"content":{"rendered":"\n<h2 class=\"wp-block-heading\">El nuevo secretario, Luis Pierrini, viene del sector de los seguros y es cercano al ministro de Econom\u00eda, Luis Caputo.<\/h2>\n\n\n\n<p>El Gobierno desplaz\u00f3 a Franco Mogetta de la Secretar\u00eda de Transporte y nombrar\u00e1 en su lugar a Luis Pierrini. Se trata de un funcionario del rubro de los seguros, que es cercano al ministro de Econom\u00eda, Luis Caputo. Fuentes del Gobierno confirmaron la informaci\u00f3n.<\/p>\n\n\n\n<p>D\u00edas atr\u00e1s, ya circulaban rumores de enojo contra el cordob\u00e9s por el aumento de los boletos de colectivos en el AMBA. Lo mismo aplica para el qu\u00f3rum que dieron en abril los diputados que responden al gobernador de la provincia de C\u00f3rdoba, Mart\u00edn Llaryora, para impulsar la creaci\u00f3n de una comisi\u00f3n investigadora sobre la promoci\u00f3n del presidente de la criptomoneda $Libra.<\/p>\n","protected":false},"excerpt":{"rendered":"<p>El nuevo secretario, Luis Pierrini, viene del sector de los seguros y es cercano al ministro de Econom&iacute;a, Luis Caputo. El Gobierno desplaz&oacute; a Franco Mogetta de la Secretar&iacute;a de Transporte y nombrar&aacute; en su lugar a Luis Pierrini. Se trata de un funcionario del rubro de los seguros, que es cercano al ministro de [&hellip;]<\/p>\n","protected":false},"author":2,"featured_media":12647,"comment_status":"open","ping_status":"open","sticky":false,"template":"","format":"standard","meta":{"footnotes":""},"categories":[5,176],"tags":[4690,5851,224,5852,5853],"class_list":["post-12646","post","type-post","status-publish","format-standard","has-post-thumbnail","hentry","category-nacionales","category-politica","tag-desafecto","tag-franco-moguetta","tag-gobierno","tag-luis-pierrini","tag-secretaria-de-transporte"],"_links":{"self":[{"href":"https:\/\/partediario.com.ar\/index.php?rest_route=\/wp\/v2\/posts\/12646","targetHints":{"allow":["GET"]}}],"collection":[{"href":"https:\/\/partediario.com.ar\/index.php?rest_route=\/wp\/v2\/posts"}],"about":[{"href":"https:\/\/partediario.com.ar\/index.php?rest_route=\/wp\/v2\/types\/post"}],"author":[{"embeddable":true,"href":"https:\/\/partediario.com.ar\/index.php?rest_route=\/wp\/v2\/users\/2"}],"replies":[{"embeddable":true,"href":"https:\/\/partediario.com.ar\/index.php?rest_route=%2Fwp%2Fv2%2Fcomments&post=12646"}],"version-history":[{"count":1,"href":"https:\/\/partediario.com.ar\/index.php?rest_route=\/wp\/v2\/posts\/12646\/revisions"}],"predecessor-version":[{"id":12648,"href":"https:\/\/partediario.com.ar\/index.php?rest_route=\/wp\/v2\/posts\/12646\/revisions\/12648"}],"wp:featuredmedia":[{"embeddable":true,"href":"https:\/\/partediario.com.ar\/index.php?rest_route=\/wp\/v2\/media\/12647"}],"wp:attachment":[{"href":"https:\/\/partediario.com.ar\/index.php?rest_route=%2Fwp%2Fv2%2Fmedia&parent=12646"}],"wp:term":[{"taxonomy":"category","embeddable":true,"href":"https:\/\/partediario.com.ar\/index.php?rest_route=%2Fwp%2Fv2%2Fcategories&post=12646"},{"taxonomy":"post_tag","embeddable":true,"href":"https:\/\/partediario.com.ar\/index.php?rest_route=%2Fwp%2Fv2%2Ftags&post=12646"}],"curies":[{"name":"wp","href":"https:\/\/api.w.org\/{rel}","templated":true}]}}