{"id":12652,"date":"2025-05-01T19:07:24","date_gmt":"2025-05-01T22:07:24","guid":{"rendered":"https:\/\/partediario.com.ar\/?p=12652"},"modified":"2025-05-01T19:07:24","modified_gmt":"2025-05-01T22:07:24","slug":"mexico-asesinan-a-tiros-a-un-empresario-productor-de-mangos","status":"publish","type":"post","link":"https:\/\/partediario.com.ar\/?p=12652","title":{"rendered":"M\u00e9xico: asesinan a tiros a un empresario productor de mangos"},"content":{"rendered":"\n<h2 class=\"wp-block-heading\">El empresario, productor de mangos, Jes\u00fas Mendiola Lobato fue ejecutado a balazos presuntamente por sicarios, en el municipio de Tecpan de Galeana, Guerrero.<\/h2>\n\n\n\n<p>El empresario Jes\u00fas Mendiola Lobato fue ejecutado a balazos la noche del martes en la comunidad de El Nuxco, en el municipio de Tecpan de Galeana, ubicado en la Costa Grande de Guerrero, en M\u00e9xico.<\/p>\n\n\n\n<p>De acuerdo a los reportes brindados por la polic\u00eda estatal, Mendiola Lobato se encontraba acompa\u00f1ado de sus trabajadores en su bodega de mangos, en el poblado El Nuxco, cuando arribaron unos civiles armados que le dispararon en reiteradas oportunidades.<\/p>\n\n\n\n<p><\/p>\n\n\n\n<figure class=\"wp-block-image size-full\"><img loading=\"lazy\" decoding=\"async\" width=\"634\" height=\"342\" src=\"https:\/\/partediario.com.ar\/wp-content\/uploads\/Asesinato-Empresario.png\" alt=\"\" class=\"wp-image-12656\" srcset=\"https:\/\/partediario.com.ar\/wp-content\/uploads\/Asesinato-Empresario.png 634w, https:\/\/partediario.com.ar\/wp-content\/uploads\/Asesinato-Empresario-300x162.png 300w\" sizes=\"auto, (max-width: 634px) 100vw, 634px\" \/><\/figure>\n\n\n\n<p>Testigos del momento, precisaron que los criminales llegaron aproximadamente entre las 19:30 y las 20 horas, a bordo de unas camionetas, y atacaron al productor sin mediar palabras, quien cay\u00f3 muerto en el acto.<\/p>\n\n\n\n<p><\/p>\n\n\n\n<figure class=\"wp-block-image size-full\"><img loading=\"lazy\" decoding=\"async\" width=\"640\" height=\"480\" src=\"https:\/\/partediario.com.ar\/wp-content\/uploads\/asesinan-a-guerrero-a-empresario-productor-de-mangos_c66b7c01-c2e7-4818-a2d4-5284bca0b43d_medialjnimgndimagefullsize.webp\" alt=\"\" class=\"wp-image-12654\" srcset=\"https:\/\/partediario.com.ar\/wp-content\/uploads\/asesinan-a-guerrero-a-empresario-productor-de-mangos_c66b7c01-c2e7-4818-a2d4-5284bca0b43d_medialjnimgndimagefullsize.webp 640w, https:\/\/partediario.com.ar\/wp-content\/uploads\/asesinan-a-guerrero-a-empresario-productor-de-mangos_c66b7c01-c2e7-4818-a2d4-5284bca0b43d_medialjnimgndimagefullsize-300x225.webp 300w\" sizes=\"auto, (max-width: 640px) 100vw, 640px\" \/><\/figure>\n\n\n\n<p><\/p>\n\n\n\n<p>Agregaron que Mendiola Lobato recibi\u00f3 al menos dos impactos de bala en el cuerpo. Indicaron adem\u00e1s, que minutos despu\u00e9s del asesinato personal de seguridad se hicieron presentes en el lugar e implementaron un fuerte operativo de b\u00fasqueda, desde El Nuxco hasta la zona de la Barra de Coyuca de Ben\u00edtez, hasta el momento no hay informaci\u00f3n sobre los resultados de la b\u00fasqueda.<\/p>\n","protected":false},"excerpt":{"rendered":"<p>El empresario, productor de mangos, Jes&uacute;s Mendiola Lobato fue ejecutado a balazos presuntamente por sicarios, en el municipio de Tecpan de Galeana, Guerrero. El empresario Jes&uacute;s Mendiola Lobato fue ejecutado a balazos la noche del martes en la comunidad de El Nuxco, en el municipio de Tecpan de Galeana, ubicado en la Costa Grande de [&hellip;]<\/p>\n","protected":false},"author":2,"featured_media":12655,"comment_status":"open","ping_status":"open","sticky":false,"template":"","format":"standard","meta":{"footnotes":""},"categories":[9,7],"tags":[746,5857,5856,2273,3847],"class_list":["post-12652","post","type-post","status-publish","format-standard","has-post-thumbnail","hentry","category-internacionales","category-policiales","tag-asesinato","tag-jesus-mendiola-lobato","tag-mangos","tag-mexico","tag-productor"],"_links":{"self":[{"href":"https:\/\/partediario.com.ar\/index.php?rest_route=\/wp\/v2\/posts\/12652","targetHints":{"allow":["GET"]}}],"collection":[{"href":"https:\/\/partediario.com.ar\/index.php?rest_route=\/wp\/v2\/posts"}],"about":[{"href":"https:\/\/partediario.com.ar\/index.php?rest_route=\/wp\/v2\/types\/post"}],"author":[{"embeddable":true,"href":"https:\/\/partediario.com.ar\/index.php?rest_route=\/wp\/v2\/users\/2"}],"replies":[{"embeddable":true,"href":"https:\/\/partediario.com.ar\/index.php?rest_route=%2Fwp%2Fv2%2Fcomments&post=12652"}],"version-history":[{"count":1,"href":"https:\/\/partediario.com.ar\/index.php?rest_route=\/wp\/v2\/posts\/12652\/revisions"}],"predecessor-version":[{"id":12657,"href":"https:\/\/partediario.com.ar\/index.php?rest_route=\/wp\/v2\/posts\/12652\/revisions\/12657"}],"wp:featuredmedia":[{"embeddable":true,"href":"https:\/\/partediario.com.ar\/index.php?rest_route=\/wp\/v2\/media\/12655"}],"wp:attachment":[{"href":"https:\/\/partediario.com.ar\/index.php?rest_route=%2Fwp%2Fv2%2Fmedia&parent=12652"}],"wp:term":[{"taxonomy":"category","embeddable":true,"href":"https:\/\/partediario.com.ar\/index.php?rest_route=%2Fwp%2Fv2%2Fcategories&post=12652"},{"taxonomy":"post_tag","embeddable":true,"href":"https:\/\/partediario.com.ar\/index.php?rest_route=%2Fwp%2Fv2%2Ftags&post=12652"}],"curies":[{"name":"wp","href":"https:\/\/api.w.org\/{rel}","templated":true}]}}