{"id":12659,"date":"2025-05-02T10:39:05","date_gmt":"2025-05-02T13:39:05","guid":{"rendered":"https:\/\/partediario.com.ar\/?p=12659"},"modified":"2025-05-03T19:07:36","modified_gmt":"2025-05-03T22:07:36","slug":"el-eternauta-tendra-segunda-temporada-porque-la-historia-lo-requiere-senalaron-los-directivos-de-netflix","status":"publish","type":"post","link":"https:\/\/partediario.com.ar\/?p=12659","title":{"rendered":"El Eternauta tendr\u00e1 segunda temporada \u201cporque la historia lo requiere\u201d, se\u00f1alaron los directivos de Netflix"},"content":{"rendered":"\n<h2 class=\"wp-block-heading\">El Eternauta, la tira protagonizada por Ricardo Dar\u00edn que es la tercera serie m\u00e1s vista a nivel global en Netflix, tendr\u00e1 su segunda temporada \u201cporque la historia lo requiere\u201d, as\u00ed lo confirm\u00f3 Francisco Ramos, el vicepresidente de contenidos de Netflix para Am\u00e9rica Latina.<\/h2>\n\n\n\n<p>Mientras que Ricardo Dar\u00edn revel\u00f3 c\u00f3mo lleg\u00f3 al proyecto: \u201cSab\u00eda que exist\u00eda, me ofrecieron la posibilidad de hacer el largometraje hace m\u00e1s de 10 a\u00f1os y despu\u00e9s qued\u00f3 en el camino. A partir de ese ofrecimiento, me llam\u00f3 la atenci\u00f3n y me sumerg\u00ed a leer de qu\u00e9 se trataba\u201d.<\/p>\n\n\n\n<p>El conocido artista indic\u00f3 que el proceso de grabar ciencia ficci\u00f3n en Argentina fue \u201cfant\u00e1stico\u201d y agreg\u00f3: \u201cHay un nivel t\u00e9cnico y art\u00edstico muy alto. Parte de lo interesante de este proyecto es que armaron un equipo muy bueno en todos los rubros para ir adelante con esta idea\u201d.<\/p>\n\n\n\n<p>\u201cDurante el rodaje, para donde mirabas, te encontrabas con gente muy capacitada y muy enfocada. Estuvimos mucho tiempo juntos y sentimos que realmente estuvimos apoyados unos en otros\u201d, destac\u00f3.<\/p>\n\n\n\n<p>Dar\u00edn se\u00f1al\u00f3 adem\u00e1s que la siguiente parte est\u00e1 prevista porque \u201cLa historia completa termina con una segunda temporada a diferencia de otros proyectos en los que, depende c\u00f3mo funciona, agregan temporadas. Si queremos contar la historia de principio a fin, tenemos que hacerla\u201d, cerr\u00f3.<\/p>\n","protected":false},"excerpt":{"rendered":"<p>El Eternauta, la tira protagonizada por Ricardo Dar&iacute;n que es la tercera serie m&aacute;s vista a nivel global en Netflix, tendr&aacute; su segunda temporada &ldquo;porque la historia lo requiere&rdquo;, as&iacute; lo confirm&oacute; Francisco Ramos, el vicepresidente de contenidos de Netflix para Am&eacute;rica Latina. Mientras que Ricardo Dar&iacute;n revel&oacute; c&oacute;mo lleg&oacute; al proyecto: &ldquo;Sab&iacute;a que exist&iacute;a, [&hellip;]<\/p>\n","protected":false},"author":2,"featured_media":12660,"comment_status":"open","ping_status":"open","sticky":false,"template":"","format":"standard","meta":{"footnotes":""},"categories":[4329,5],"tags":[5858,115,5859,1254,4518],"class_list":["post-12659","post","type-post","status-publish","format-standard","has-post-thumbnail","hentry","category-espectaculos","category-nacionales","tag-el-eternauta","tag-netflix","tag-ricardo-darin","tag-segunda","tag-temporada"],"_links":{"self":[{"href":"https:\/\/partediario.com.ar\/index.php?rest_route=\/wp\/v2\/posts\/12659","targetHints":{"allow":["GET"]}}],"collection":[{"href":"https:\/\/partediario.com.ar\/index.php?rest_route=\/wp\/v2\/posts"}],"about":[{"href":"https:\/\/partediario.com.ar\/index.php?rest_route=\/wp\/v2\/types\/post"}],"author":[{"embeddable":true,"href":"https:\/\/partediario.com.ar\/index.php?rest_route=\/wp\/v2\/users\/2"}],"replies":[{"embeddable":true,"href":"https:\/\/partediario.com.ar\/index.php?rest_route=%2Fwp%2Fv2%2Fcomments&post=12659"}],"version-history":[{"count":1,"href":"https:\/\/partediario.com.ar\/index.php?rest_route=\/wp\/v2\/posts\/12659\/revisions"}],"predecessor-version":[{"id":12661,"href":"https:\/\/partediario.com.ar\/index.php?rest_route=\/wp\/v2\/posts\/12659\/revisions\/12661"}],"wp:featuredmedia":[{"embeddable":true,"href":"https:\/\/partediario.com.ar\/index.php?rest_route=\/wp\/v2\/media\/12660"}],"wp:attachment":[{"href":"https:\/\/partediario.com.ar\/index.php?rest_route=%2Fwp%2Fv2%2Fmedia&parent=12659"}],"wp:term":[{"taxonomy":"category","embeddable":true,"href":"https:\/\/partediario.com.ar\/index.php?rest_route=%2Fwp%2Fv2%2Fcategories&post=12659"},{"taxonomy":"post_tag","embeddable":true,"href":"https:\/\/partediario.com.ar\/index.php?rest_route=%2Fwp%2Fv2%2Ftags&post=12659"}],"curies":[{"name":"wp","href":"https:\/\/api.w.org\/{rel}","templated":true}]}}