{"id":12669,"date":"2025-05-02T11:04:44","date_gmt":"2025-05-02T14:04:44","guid":{"rendered":"https:\/\/partediario.com.ar\/?p=12669"},"modified":"2025-05-03T19:07:25","modified_gmt":"2025-05-03T22:07:25","slug":"fue-terrible-lo-que-se-vivio-lo-que-se-sintio-relato-la-intendenta-de-famatina-luego-del-impactante-sismo-en-la-rioja","status":"publish","type":"post","link":"https:\/\/partediario.com.ar\/?p=12669","title":{"rendered":"\u00abFue terrible lo que se vivi\u00f3, lo que se sinti\u00f3\u201d, relat\u00f3 la intendenta de Famatina luego del impactante sismo en La Rioja"},"content":{"rendered":"\n<h2 class=\"wp-block-heading\">La intendenta de Famatina, Adriana Olima, brind\u00f3 detalles de c\u00f3mo se encuentra la ciudad tras el fuerte sismo que sacudi\u00f3 a la provincia de La Rioja, que se sinti\u00f3 en varias provincias argentinas y se\u00f1al\u00f3 que \u00abfue terrible lo que se vivi\u00f3, lo que se sinti\u00f3\u201d.<\/h2>\n\n\n\n<p>Este jueves los riojanos, y los vecinos de otras provincias, se vieron sorprendidos por el sismo de magnitud 5.9 en la escala de Richter.<\/p>\n\n\n\n<p>Tras los primeros minutos de terror, Olima habl\u00f3 en radio Splendid y manifest\u00f3 que \u201cel d\u00eda de ayer fue terrible lo que se vivi\u00f3, lo que se sinti\u00f3\u201d.<\/p>\n\n\n\n<p><\/p>\n\n\n\n<figure class=\"wp-block-image size-full\"><img loading=\"lazy\" decoding=\"async\" width=\"513\" height=\"360\" src=\"https:\/\/partediario.com.ar\/wp-content\/uploads\/Sismo-La-Rioja.webp\" alt=\"\" class=\"wp-image-12670\" srcset=\"https:\/\/partediario.com.ar\/wp-content\/uploads\/Sismo-La-Rioja.webp 513w, https:\/\/partediario.com.ar\/wp-content\/uploads\/Sismo-La-Rioja-300x211.webp 300w\" sizes=\"auto, (max-width: 513px) 100vw, 513px\" \/><\/figure>\n\n\n\n<p><\/p>\n\n\n\n<p>Una de las im\u00e1genes que m\u00e1s se viralizaron durante el sismo fue el derrumbe de los cerros, algo que \u201cllam\u00f3 poderosamente la atenci\u00f3n\u201d en la zona.<\/p>\n\n\n\n<p>Pese a que se trat\u00f3 de un fuerte temblor, la intendenta expres\u00f3: \u201cGracias a Dios no lamentamos v\u00edctimas\u201d.<\/p>\n\n\n\n<p>\u201cSolo tuvimos da\u00f1os materiales, hay muchas viviendas de adobe que se cayeron, iglesias que sufrieron grietas\u201d, detall\u00f3.<\/p>\n\n\n\n<p>Minutos despu\u00e9s del sismo, con una profundidad de tan solo siete kil\u00f3metros, hubo otros tres temblores.<\/p>\n","protected":false},"excerpt":{"rendered":"<p>La intendenta de Famatina, Adriana Olima, brind&oacute; detalles de c&oacute;mo se encuentra la ciudad tras el fuerte sismo que sacudi&oacute; a la provincia de La Rioja, que se sinti&oacute; en varias provincias argentinas y se&ntilde;al&oacute; que &laquo;fue terrible lo que se vivi&oacute;, lo que se sinti&oacute;&rdquo;. Este jueves los riojanos, y los vecinos de otras [&hellip;]<\/p>\n","protected":false},"author":2,"featured_media":12671,"comment_status":"open","ping_status":"open","sticky":false,"template":"","format":"standard","meta":{"footnotes":""},"categories":[5,726],"tags":[5869,5868,1415,5850,5428],"class_list":["post-12669","post","type-post","status-publish","format-standard","has-post-thumbnail","hentry","category-nacionales","category-sociedad","tag-adriana-olima","tag-famatina","tag-intendente","tag-la-rioja","tag-sismo"],"_links":{"self":[{"href":"https:\/\/partediario.com.ar\/index.php?rest_route=\/wp\/v2\/posts\/12669","targetHints":{"allow":["GET"]}}],"collection":[{"href":"https:\/\/partediario.com.ar\/index.php?rest_route=\/wp\/v2\/posts"}],"about":[{"href":"https:\/\/partediario.com.ar\/index.php?rest_route=\/wp\/v2\/types\/post"}],"author":[{"embeddable":true,"href":"https:\/\/partediario.com.ar\/index.php?rest_route=\/wp\/v2\/users\/2"}],"replies":[{"embeddable":true,"href":"https:\/\/partediario.com.ar\/index.php?rest_route=%2Fwp%2Fv2%2Fcomments&post=12669"}],"version-history":[{"count":1,"href":"https:\/\/partediario.com.ar\/index.php?rest_route=\/wp\/v2\/posts\/12669\/revisions"}],"predecessor-version":[{"id":12672,"href":"https:\/\/partediario.com.ar\/index.php?rest_route=\/wp\/v2\/posts\/12669\/revisions\/12672"}],"wp:featuredmedia":[{"embeddable":true,"href":"https:\/\/partediario.com.ar\/index.php?rest_route=\/wp\/v2\/media\/12671"}],"wp:attachment":[{"href":"https:\/\/partediario.com.ar\/index.php?rest_route=%2Fwp%2Fv2%2Fmedia&parent=12669"}],"wp:term":[{"taxonomy":"category","embeddable":true,"href":"https:\/\/partediario.com.ar\/index.php?rest_route=%2Fwp%2Fv2%2Fcategories&post=12669"},{"taxonomy":"post_tag","embeddable":true,"href":"https:\/\/partediario.com.ar\/index.php?rest_route=%2Fwp%2Fv2%2Ftags&post=12669"}],"curies":[{"name":"wp","href":"https:\/\/api.w.org\/{rel}","templated":true}]}}