{"id":12673,"date":"2025-05-02T11:09:14","date_gmt":"2025-05-02T14:09:14","guid":{"rendered":"https:\/\/partediario.com.ar\/?p=12673"},"modified":"2025-05-03T19:07:21","modified_gmt":"2025-05-03T22:07:21","slug":"el-vaticano-instalo-la-chimenea-en-la-capilla-sixtina-para-informar-como-es-tradicion-el-resultado-del-conclave","status":"publish","type":"post","link":"https:\/\/partediario.com.ar\/?p=12673","title":{"rendered":"El Vaticano instal\u00f3 la chimenea en la Capilla Sixtina para informar como es tradici\u00f3n el resultado del c\u00f3nclave"},"content":{"rendered":"\n<h2 class=\"wp-block-heading\">Trabajadores del Vaticano instalaron este viernes la famosa chimenea que anunciar\u00e1 desde la Capilla Sixtina que los cardenales de la Iglesia cat\u00f3lica eligieron a un nuevo Papa, el sucesor de Francisco 1ro.<\/h2>\n\n\n\n<p>Unos cinco bomberos de la Santa Sede subieron al tejado del majestuoso edificio para colocar el humero y pasaron desapercibidos para los turistas que visitaban la plaza de San Pedro, aunque algunos lo notaron y subieron videos a las redes sociales.<\/p>\n\n\n\n<p><\/p>\n\n\n\n<figure class=\"wp-block-image size-large\"><img loading=\"lazy\" decoding=\"async\" width=\"1024\" height=\"563\" src=\"https:\/\/partediario.com.ar\/wp-content\/uploads\/Chimenea-Vaticano-1024x563.jpg\" alt=\"\" class=\"wp-image-12674\" srcset=\"https:\/\/partediario.com.ar\/wp-content\/uploads\/Chimenea-Vaticano-1024x563.jpg 1024w, https:\/\/partediario.com.ar\/wp-content\/uploads\/Chimenea-Vaticano-300x165.jpg 300w, https:\/\/partediario.com.ar\/wp-content\/uploads\/Chimenea-Vaticano-768x422.jpg 768w, https:\/\/partediario.com.ar\/wp-content\/uploads\/Chimenea-Vaticano.jpg 1048w\" sizes=\"auto, (max-width: 1024px) 100vw, 1024px\" \/><\/figure>\n\n\n\n<p><\/p>\n\n\n\n<p>A partir del pr\u00f3ximo mi\u00e9rcoles y de mayo un total de 133 cardenales se encerrar\u00e1n en el c\u00f3nclave en la Capilla Sixtina para votar la elecci\u00f3n del nuevo Sumo Pont\u00edfice.<\/p>\n\n\n\n<p>Los cardenales quemar\u00e1n en una estufa las papeles de la votaci\u00f3n para anunciar al mundo el resultado.<\/p>\n\n\n\n<p>Se celebran cuatro votaciones al d\u00eda: dos por la ma\u00f1ana y dos por la tarde. Mientras no haya un consenso, se queman cada dos sesiones de votaci\u00f3n con una sustancia especial que emana humo negro por la chimenea. De lo contrario, si un Papa es electo, el humo es blanco y anunciar\u00e1 que \u201cHabemus papam\u201d.<\/p>\n","protected":false},"excerpt":{"rendered":"<p>Trabajadores del Vaticano instalaron este viernes la famosa chimenea que anunciar&aacute; desde la Capilla Sixtina que los cardenales de la Iglesia cat&oacute;lica eligieron a un nuevo Papa, el sucesor de Francisco 1ro. Unos cinco bomberos de la Santa Sede subieron al tejado del majestuoso edificio para colocar el humero y pasaron desapercibidos para los turistas [&hellip;]<\/p>\n","protected":false},"author":2,"featured_media":12675,"comment_status":"open","ping_status":"open","sticky":false,"template":"","format":"standard","meta":{"footnotes":""},"categories":[9,726],"tags":[5870,5871,5872,3603],"class_list":["post-12673","post","type-post","status-publish","format-standard","has-post-thumbnail","hentry","category-internacionales","category-sociedad","tag-capilla-sixtina","tag-chimenea","tag-habemus-papam","tag-vaticano"],"_links":{"self":[{"href":"https:\/\/partediario.com.ar\/index.php?rest_route=\/wp\/v2\/posts\/12673","targetHints":{"allow":["GET"]}}],"collection":[{"href":"https:\/\/partediario.com.ar\/index.php?rest_route=\/wp\/v2\/posts"}],"about":[{"href":"https:\/\/partediario.com.ar\/index.php?rest_route=\/wp\/v2\/types\/post"}],"author":[{"embeddable":true,"href":"https:\/\/partediario.com.ar\/index.php?rest_route=\/wp\/v2\/users\/2"}],"replies":[{"embeddable":true,"href":"https:\/\/partediario.com.ar\/index.php?rest_route=%2Fwp%2Fv2%2Fcomments&post=12673"}],"version-history":[{"count":1,"href":"https:\/\/partediario.com.ar\/index.php?rest_route=\/wp\/v2\/posts\/12673\/revisions"}],"predecessor-version":[{"id":12676,"href":"https:\/\/partediario.com.ar\/index.php?rest_route=\/wp\/v2\/posts\/12673\/revisions\/12676"}],"wp:featuredmedia":[{"embeddable":true,"href":"https:\/\/partediario.com.ar\/index.php?rest_route=\/wp\/v2\/media\/12675"}],"wp:attachment":[{"href":"https:\/\/partediario.com.ar\/index.php?rest_route=%2Fwp%2Fv2%2Fmedia&parent=12673"}],"wp:term":[{"taxonomy":"category","embeddable":true,"href":"https:\/\/partediario.com.ar\/index.php?rest_route=%2Fwp%2Fv2%2Fcategories&post=12673"},{"taxonomy":"post_tag","embeddable":true,"href":"https:\/\/partediario.com.ar\/index.php?rest_route=%2Fwp%2Fv2%2Ftags&post=12673"}],"curies":[{"name":"wp","href":"https:\/\/api.w.org\/{rel}","templated":true}]}}