{"id":12677,"date":"2025-05-03T18:47:11","date_gmt":"2025-05-03T21:47:11","guid":{"rendered":"https:\/\/partediario.com.ar\/?p=12677"},"modified":"2025-05-05T10:03:37","modified_gmt":"2025-05-05T13:03:37","slug":"una-provincia-prorroga-las-jubilaciones-sin-los-anos-de-aporte-y-con-moratoria-que-anses-ya-cerro","status":"publish","type":"post","link":"https:\/\/partediario.com.ar\/?p=12677","title":{"rendered":"Una provincia prorroga las jubilaciones sin los a\u00f1os de aporte y con moratoria que ANSES ya cerr\u00f3"},"content":{"rendered":"\n<h2 class=\"wp-block-heading\">El gobierno de Misiones prorrog\u00f3 hasta el 31 de diciembre los reg\u00edmenes de la ventana jubilatoria y moratoria, a pesr que ANSES los diera por finalizados en marzo y que constituyen uno de los motivos de las movilizaciones de protesta de los mi\u00e9rcoles en Buenos Aires.<\/h2>\n\n\n\n<p>El mandatario Hugo Passalacqua, en el informe de gesti\u00f3n y proyecciones dado a conocer, extendi\u00f3 el plazo de este important\u00edsimo beneficio, al que se encuentran adheridos 51 municipios, y a lo largo de 2024, unas 394 personas pudieron acceder a su jubilaci\u00f3n bajo estos reg\u00edmenes.<\/p>\n\n\n\n<p>En el reporte qued\u00f3 de manifiesto c\u00f3mo afect\u00f3 el desfinanciamiento nacional en sus arcas, y como ejemplo puso que \u00abtan s\u00f3lo en medicamentos para pacientes hemof\u00edlicos y oncol\u00f3gicos cubrimos con recursos provinciales m\u00e1s de 1.500 millones de pesos\u201d.<\/p>\n\n\n\n<p class=\"has-medium-font-size\"><strong>Fin de la moratoria<\/strong><\/p>\n\n\n\n<p>El 23 de marzo de 2025 venci\u00f3 la \u00faltima extensi\u00f3n de la moratoria previsional, por lo que a partir de esa fecha, quienes no cumplen con los 30 a\u00f1os de aportes solo podr\u00e1n acceder a la Pensi\u00f3n Universal para el Adulto Mayor (PUAM) a partir de los 65 a\u00f1os.<\/p>\n\n\n\n<p>Esto impacta especialmente en mujeres de entre 60 y 64 a\u00f1os y en los c\u00f3nyuges de beneficiarios, ya que la PUAM no genera pensi\u00f3n por fallecimiento.<\/p>\n\n\n\n<p>El cese de la moratoria previsional dej\u00f3 a millones de adultos mayores, que no tienen 30 a\u00f1os de aportes, sin la posibilidad de acceder a la jubilaci\u00f3n por esta v\u00eda.<\/p>\n\n\n\n<p>Con la decisi\u00f3n que tom\u00f3 el gobierno de Javier Milei, 9 de cada 10 mujeres y 7 de cada 10 varones pasan a cobrar -en el \u201cmejor\u201d de los casos- el 80% de la jubilaci\u00f3n m\u00ednima, a trav\u00e9s de la PUAM.<\/p>\n\n\n\n<p>Actualmente, se discute en el Congreso la ley en la que se sustentaba la moratoria a la que el Poder Ejecutivo puso punto final.<\/p>\n\n\n\n<p class=\"has-medium-font-size\"><strong>Pr\u00f3rroga por dos a\u00f1os<\/strong><\/p>\n\n\n\n<p>El plenario de las comisiones de Previsi\u00f3n y Seguridad Social y Presupuesto y Hacienda realiz\u00f3 una reuni\u00f3n informativa, con invitados a exponer sobre los proyectos de ley que apuntan a extender por dos a\u00f1os este mecanismo.<\/p>\n\n\n\n<p>La encabez\u00f3 la radical cordobesa Gabriela Brouwer de Koning, que preside la primera de las comisiones, pero no estuvo el oficialista Jos\u00e9 Luis Espert, que preside la comisi\u00f3n de Presupuesto y Hacienda.<\/p>\n\n\n\n<p>La voz de quienes se manifiestan cada semana en la puerta del Congreso, reclamando por su derecho a una jubilaci\u00f3n que permita vivir, estuvo representada por activistas como Liliana Kunis Mesa, del Plenario de Jubilados, y por Marcos Wolman, integrante de la mesa coordinadora de jubilados y pensionados, que fueron invitados por el Frente de Izquierda.<\/p>\n\n\n\n<p>Marcos Wolman denunci\u00f3 la represi\u00f3n que sufren cada mi\u00e9rcoles y destac\u00f3 que \u201cel problema es la p\u00e9rdida del poder adquisitivo del haber jubilatorio durante d\u00e9cadas, agudizadas por las pol\u00edticas de ajustes y los acuerdos con el Fondo Monetario Internacional\u201d.<\/p>\n\n\n\n<p>Destac\u00f3 que \u201cel haber m\u00ednimo de mayo es de 287.537 pesos de bolsillo, a esto se le adicionan los 70.000 pesos sin actualizaci\u00f3n del bono. Es menos del 30% de la canasta b\u00e1sica de una persona mayor que la Defensor\u00eda del Pueblo de la Ciudad de Buenos Aires elabora hace m\u00e1s de 12 a\u00f1os y que en mayo fue de 1.200.000 pesos. Nadie puede vivir con 357.000 pesos\u201d, destac\u00f3.<\/p>\n\n\n\n<p>No est\u00e1 claro qu\u00e9 le espera al sistema previsional argentino en el futuro. Existen distintas opciones<\/p>\n\n\n\n<p>Una posibilidad ser\u00eda extender la moratoria actual mediante un decreto del Poder Ejecutivo o una nueva ley del Congreso, lo que garantizar\u00eda la continuidad de la cobertura.<\/p>\n\n\n\n<p>El contraargumento es que tambi\u00e9n perpetuar\u00eda el alto costo fiscal, la inequidad y los incentivos a la informalidad laboral.<\/p>\n\n\n\n<p>Jurisdicciones como Misiones siguieron el camino de no dejar desguarnecidos a los adultos mayores que est\u00e1n por ingresar al sistema mientras se define por cual ser\u00e1 reemplazado.<\/p>\n\n\n\n<p>Una alternativa es la creaci\u00f3n de una prestaci\u00f3n proporcional para quienes no alcancen los 30 a\u00f1os de aportes.<\/p>\n\n\n\n<p>Sin embargo, esto complejizar\u00eda a\u00fan m\u00e1s el sistema y profundizar\u00eda las diferencias entre quienes cumplen con los a\u00f1os requeridos y quienes no.<\/p>\n\n\n\n<p class=\"has-medium-font-size\"><strong>Reforma integral<\/strong><\/p>\n\n\n\n<p>CIPPEC considera que una reforma integral es el camino correcto, pero su \u00e9xito depende de un amplio consenso t\u00e9cnico y pol\u00edtico.<\/p>\n\n\n\n<p>Propone, para avanzar en esa direcci\u00f3n, la creaci\u00f3n de una comisi\u00f3n de expertos que, convocada por el Poder Ejecutivo, desarrolle estudios y consultas con todos los sectores involucrados, con el objetivo de presentar una propuesta concreta a finales de 2025.<\/p>\n","protected":false},"excerpt":{"rendered":"<p>El gobierno de Misiones prorrog&oacute; hasta el 31 de diciembre los reg&iacute;menes de la ventana jubilatoria y moratoria, a pesr que ANSES los diera por finalizados en marzo y que constituyen uno de los motivos de las movilizaciones de protesta de los mi&eacute;rcoles en Buenos Aires. El mandatario Hugo Passalacqua, en el informe de gesti&oacute;n [&hellip;]<\/p>\n","protected":false},"author":2,"featured_media":12678,"comment_status":"open","ping_status":"open","sticky":false,"template":"","format":"standard","meta":{"footnotes":""},"categories":[5,176],"tags":[224,3832,689,614,3842,4277],"class_list":["post-12677","post","type-post","status-publish","format-standard","has-post-thumbnail","hentry","category-nacionales","category-politica","tag-gobierno","tag-hugo-passalacqua","tag-jubilaciones","tag-misiones","tag-moratoria","tag-prorroga"],"_links":{"self":[{"href":"https:\/\/partediario.com.ar\/index.php?rest_route=\/wp\/v2\/posts\/12677","targetHints":{"allow":["GET"]}}],"collection":[{"href":"https:\/\/partediario.com.ar\/index.php?rest_route=\/wp\/v2\/posts"}],"about":[{"href":"https:\/\/partediario.com.ar\/index.php?rest_route=\/wp\/v2\/types\/post"}],"author":[{"embeddable":true,"href":"https:\/\/partediario.com.ar\/index.php?rest_route=\/wp\/v2\/users\/2"}],"replies":[{"embeddable":true,"href":"https:\/\/partediario.com.ar\/index.php?rest_route=%2Fwp%2Fv2%2Fcomments&post=12677"}],"version-history":[{"count":2,"href":"https:\/\/partediario.com.ar\/index.php?rest_route=\/wp\/v2\/posts\/12677\/revisions"}],"predecessor-version":[{"id":12680,"href":"https:\/\/partediario.com.ar\/index.php?rest_route=\/wp\/v2\/posts\/12677\/revisions\/12680"}],"wp:featuredmedia":[{"embeddable":true,"href":"https:\/\/partediario.com.ar\/index.php?rest_route=\/wp\/v2\/media\/12678"}],"wp:attachment":[{"href":"https:\/\/partediario.com.ar\/index.php?rest_route=%2Fwp%2Fv2%2Fmedia&parent=12677"}],"wp:term":[{"taxonomy":"category","embeddable":true,"href":"https:\/\/partediario.com.ar\/index.php?rest_route=%2Fwp%2Fv2%2Fcategories&post=12677"},{"taxonomy":"post_tag","embeddable":true,"href":"https:\/\/partediario.com.ar\/index.php?rest_route=%2Fwp%2Fv2%2Ftags&post=12677"}],"curies":[{"name":"wp","href":"https:\/\/api.w.org\/{rel}","templated":true}]}}