{"id":12693,"date":"2025-05-03T19:13:10","date_gmt":"2025-05-03T22:13:10","guid":{"rendered":"https:\/\/partediario.com.ar\/?p=12693"},"modified":"2025-05-05T10:03:20","modified_gmt":"2025-05-05T13:03:20","slug":"gobernadores-en-alerta-por-impacto-economico-nacional-se-reuniran-el-martes-en-entre-rios","status":"publish","type":"post","link":"https:\/\/partediario.com.ar\/?p=12693","title":{"rendered":"Gobernadores en alerta por impacto econ\u00f3mico nacional: se reunir\u00e1n el martes en Entre R\u00edos"},"content":{"rendered":"\n<h2 class=\"wp-block-heading\">Mandatarios provinciales de diversas extracciones pol\u00edticas mantendr\u00e1n una reuni\u00f3n el pr\u00f3ximo martes en Entre R\u00edos, en un encuentro organizado junto al Consejo Federal de Inversiones (CFI), con el objetivo principal de analizar las repercusiones de las recientes medidas econ\u00f3micas implementadas por el Gobierno nacional en las finanzas de sus jurisdicciones.<\/h2>\n\n\n\n<p>El gobernador de Entre R\u00edos, Rogelio Frigerio, actuar\u00e1 como anfitri\u00f3n de esta cumbre, que hasta el momento cuenta con la confirmaci\u00f3n de la asistencia de sus pares Ra\u00fal Jalil (Catamarca), Maximiliano Pullaro (Santa Fe) e Ignacio Torres (Chubut), adem\u00e1s de Sergio Ziliotto (La Pampa). Participar\u00e1 adem\u00e1s el secretario general del CFI, Ignacio Lamothe.<\/p>\n\n\n\n<p>El principal motivo del c\u00f3ncluave radica en el creciente malestar de los gobernadores ante decisiones unilaterales adoptadas por la Casa Rosada, como los recientes cambios en el esquema de retenciones del IVA en la Aduana.<\/p>\n\n\n\n<p>Las provincias denuncian una significativa disminuci\u00f3n en los fondos que reciben por coparticipaci\u00f3n, puntualmente a partir de las modificaciones en el calendario de pagos de anticipos de Ganancias.<\/p>\n\n\n\n<p>La situaci\u00f3n se agrava ante la sostenida ca\u00edda en la recaudaci\u00f3n nacional. El ministro de Econom\u00eda bonaerense, Pablo L\u00f3pez, advirti\u00f3 semanas atr\u00e1s que \u00abla recaudaci\u00f3n nacional sigue mostrando un desempe\u00f1o muy flojo, producto de una actividad estancada\u00bb. Datos oficiales de marzo revelaron una ca\u00edda del 8,2% en t\u00e9rminos reales, y la del IVA un 9,5%. \u00abLos impuestos coparticipables ligados al consumo y al salario absorben las mayores p\u00e9rdidas. Las provincias deben enfrentar mayores necesidades sociales con menos herramientas, lo cual da\u00f1a el federalismo\u00bb, apunt\u00f3 L\u00f3pez.<\/p>\n\n\n\n<p>Adem\u00e1s del an\u00e1lisis pol\u00edtico y fiscal, el encuentro en Entre R\u00edos incluir\u00e1 una parte formal estructurada en tres paneles tem\u00e1ticos. El primero abordar\u00e1 el \u00abFinanciamiento para el desarrollo\u00bb, con disertaciones de Esteban Rodr\u00edguez (CFI), Leonardo Toloza (Leo Film) y Juan Berisso Buchanan (El Paruco). El segundo panel se centrar\u00e1 en \u00abEl futuro productivo de la Argentina\u00bb y contar\u00e1 con la participaci\u00f3n de Fernando Vilella, Gustavo Puccini, Laura Mirantes y Augusto Costa, con la moderaci\u00f3n de Mart\u00edn Alfie (CFI). El cierre estar\u00e1 dedicado a \u00abInnovaci\u00f3n, econom\u00eda del conocimiento y startups\u00bb, con la presencia de figuras como Sergio Kaufman, Tamara Rubilar, Anal\u00eda Cubino, Carlos Pallotti y Luciano Filipuzzi.<\/p>\n\n\n\n<p>La presencia de varios gobernadores en este encuentro en Entre R\u00edos marca la escalada en la tensi\u00f3n en la relaci\u00f3n entre el Gobierno nacional y las provincias, que exigen mayor previsibilidad, di\u00e1logo institucional y respeto por los acuerdos fiscales.<\/p>\n","protected":false},"excerpt":{"rendered":"<p>Mandatarios provinciales de diversas extracciones pol&iacute;ticas mantendr&aacute;n una reuni&oacute;n el pr&oacute;ximo martes en Entre R&iacute;os, en un encuentro organizado junto al Consejo Federal de Inversiones (CFI), con el objetivo principal de analizar las repercusiones de las recientes medidas econ&oacute;micas implementadas por el Gobierno nacional en las finanzas de sus jurisdicciones. El gobernador de Entre R&iacute;os, [&hellip;]<\/p>\n","protected":false},"author":2,"featured_media":12694,"comment_status":"open","ping_status":"open","sticky":false,"template":"","format":"standard","meta":{"footnotes":""},"categories":[5,176],"tags":[257,1023,1506,1767,1107,3565,373,245,5878],"class_list":["post-12693","post","type-post","status-publish","format-standard","has-post-thumbnail","hentry","category-nacionales","category-politica","tag-entre-rios","tag-gobernadores","tag-ignacio-lamothe","tag-ignacio-torres","tag-maximiliano-pullaro","tag-raul-jalil","tag-reunion","tag-rogelio-frigerio","tag-sergio-ziliotto"],"_links":{"self":[{"href":"https:\/\/partediario.com.ar\/index.php?rest_route=\/wp\/v2\/posts\/12693","targetHints":{"allow":["GET"]}}],"collection":[{"href":"https:\/\/partediario.com.ar\/index.php?rest_route=\/wp\/v2\/posts"}],"about":[{"href":"https:\/\/partediario.com.ar\/index.php?rest_route=\/wp\/v2\/types\/post"}],"author":[{"embeddable":true,"href":"https:\/\/partediario.com.ar\/index.php?rest_route=\/wp\/v2\/users\/2"}],"replies":[{"embeddable":true,"href":"https:\/\/partediario.com.ar\/index.php?rest_route=%2Fwp%2Fv2%2Fcomments&post=12693"}],"version-history":[{"count":1,"href":"https:\/\/partediario.com.ar\/index.php?rest_route=\/wp\/v2\/posts\/12693\/revisions"}],"predecessor-version":[{"id":12695,"href":"https:\/\/partediario.com.ar\/index.php?rest_route=\/wp\/v2\/posts\/12693\/revisions\/12695"}],"wp:featuredmedia":[{"embeddable":true,"href":"https:\/\/partediario.com.ar\/index.php?rest_route=\/wp\/v2\/media\/12694"}],"wp:attachment":[{"href":"https:\/\/partediario.com.ar\/index.php?rest_route=%2Fwp%2Fv2%2Fmedia&parent=12693"}],"wp:term":[{"taxonomy":"category","embeddable":true,"href":"https:\/\/partediario.com.ar\/index.php?rest_route=%2Fwp%2Fv2%2Fcategories&post=12693"},{"taxonomy":"post_tag","embeddable":true,"href":"https:\/\/partediario.com.ar\/index.php?rest_route=%2Fwp%2Fv2%2Ftags&post=12693"}],"curies":[{"name":"wp","href":"https:\/\/api.w.org\/{rel}","templated":true}]}}