{"id":12696,"date":"2025-05-04T09:20:08","date_gmt":"2025-05-04T12:20:08","guid":{"rendered":"https:\/\/partediario.com.ar\/?p=12696"},"modified":"2025-05-05T10:03:16","modified_gmt":"2025-05-05T13:03:16","slug":"para-donald-trump-7-500-millones-de-personas-no-te-aprecian-palabras-de-despedida-de-warren-buffett","status":"publish","type":"post","link":"https:\/\/partediario.com.ar\/?p=12696","title":{"rendered":"Para Donald Trump: \u201c7.500 millones de personas no te aprecian\u00bb, palabras de despedida de Warren Buffett"},"content":{"rendered":"\n<h2 class=\"wp-block-heading\">El legendario inversor y magnate Warren Buffett, de 94 a\u00f1os, anunci\u00f3 que dejar\u00e1 su cargo como CEO de Berkshire Hathaway a fines de 2025, tras seis d\u00e9cadas al frente del conglomerado que lo convirti\u00f3 en una figura emblem\u00e1tica del capitalismo estadounidense.<\/h2>\n\n\n\n<p>En su discurso ante miles de accionistas en Omaha, Buffett hizo referencia a temas econ\u00f3micos y pol\u00edticos, con un gui\u00f1o hacia pol\u00edticas de ajuste como las que promueven Javier Milei y Donald Trump, pero con cr\u00edticas contundentes al uso del comercio como arma y a la l\u00f3gica de confrontaci\u00f3n cultural.<\/p>\n\n\n\n<p>\u201cControlar el d\u00e9ficit fiscal es un problema que nunca se resuelve por completo\u201d, destac\u00f3 el empresario, quien valor\u00f3 la disciplina presupuestaria como una necesidad, sin embargo alert\u00f3 sobre el peligro de desatender los v\u00ednculos internacionales.<\/p>\n\n\n\n<p>Sin nombrarlo directamente, critic\u00f3 los aranceles aplicados durante la gesti\u00f3n de Trump, y apunt\u00f3: \u201cEl comercio no debe ser un arma\u201d. Acot\u00f3 que \u201ces un gran error cuando ten\u00e9s 7.500 millones de personas que no te aprecian mucho y 300 millones que se jactan de lo bien que les ha ido\u201d.<\/p>\n\n\n\n<p>Buffett habl\u00f3 en contra la ret\u00f3rica de superioridad y aislamiento, al destacar que Estados Unidos debe \u201chacer lo que mejor sabe hacer y comerciar con el resto del mundo\u201d, evitando la hostilidad como estrategia.<\/p>\n\n\n\n<p>El \u201cOr\u00e1culo de Omaha\u201d, tal como se lo conoce en Wall Street, explic\u00f3 que no vender\u00e1 sus acciones de Berkshire, y reafirm\u00f3 su confianza en el futuro de la empresa con la gesti\u00f3n de Abel. \u201cPuede que llegue el momento de invertir mucho dinero, y quiero que sepan que tengo todo mi dinero en esta compa\u00f1\u00eda\u201d, se\u00f1al\u00f3.<\/p>\n\n\n\n<p>El retiro de Buffett se produce en un contexto global marcado por tensiones geopol\u00edticas, reformas estructurales y disputas ideol\u00f3gicas, y su postura \u2014moderada pero contundente\u2014 marca distancia respecto a los discursos polarizantes.<\/p>\n\n\n\n<p>Entre los presentes en la reuni\u00f3n de accionistas estuvieron inversores de todo el mundo y figuras p\u00fablicas como Hillary Clinton, en una jornada que combin\u00f3 homenaje, an\u00e1lisis econ\u00f3mico y mensajes de tinte pol\u00edticos en clave global.<\/p>\n","protected":false},"excerpt":{"rendered":"<p>El legendario inversor y magnate Warren Buffett, de 94 a&ntilde;os, anunci&oacute; que dejar&aacute; su cargo como CEO de Berkshire Hathaway a fines de 2025, tras seis d&eacute;cadas al frente del conglomerado que lo convirti&oacute; en una figura emblem&aacute;tica del capitalismo estadounidense. En su discurso ante miles de accionistas en Omaha, Buffett hizo referencia a temas [&hellip;]<\/p>\n","protected":false},"author":2,"featured_media":12697,"comment_status":"open","ping_status":"open","sticky":false,"template":"","format":"standard","meta":{"footnotes":""},"categories":[9],"tags":[5881,4454,857,5880],"class_list":["post-12696","post","type-post","status-publish","format-standard","has-post-thumbnail","hentry","category-internacionales","tag-berkshire-hathaway","tag-despedida","tag-donald-trump","tag-warren-buffett"],"_links":{"self":[{"href":"https:\/\/partediario.com.ar\/index.php?rest_route=\/wp\/v2\/posts\/12696","targetHints":{"allow":["GET"]}}],"collection":[{"href":"https:\/\/partediario.com.ar\/index.php?rest_route=\/wp\/v2\/posts"}],"about":[{"href":"https:\/\/partediario.com.ar\/index.php?rest_route=\/wp\/v2\/types\/post"}],"author":[{"embeddable":true,"href":"https:\/\/partediario.com.ar\/index.php?rest_route=\/wp\/v2\/users\/2"}],"replies":[{"embeddable":true,"href":"https:\/\/partediario.com.ar\/index.php?rest_route=%2Fwp%2Fv2%2Fcomments&post=12696"}],"version-history":[{"count":1,"href":"https:\/\/partediario.com.ar\/index.php?rest_route=\/wp\/v2\/posts\/12696\/revisions"}],"predecessor-version":[{"id":12698,"href":"https:\/\/partediario.com.ar\/index.php?rest_route=\/wp\/v2\/posts\/12696\/revisions\/12698"}],"wp:featuredmedia":[{"embeddable":true,"href":"https:\/\/partediario.com.ar\/index.php?rest_route=\/wp\/v2\/media\/12697"}],"wp:attachment":[{"href":"https:\/\/partediario.com.ar\/index.php?rest_route=%2Fwp%2Fv2%2Fmedia&parent=12696"}],"wp:term":[{"taxonomy":"category","embeddable":true,"href":"https:\/\/partediario.com.ar\/index.php?rest_route=%2Fwp%2Fv2%2Fcategories&post=12696"},{"taxonomy":"post_tag","embeddable":true,"href":"https:\/\/partediario.com.ar\/index.php?rest_route=%2Fwp%2Fv2%2Ftags&post=12696"}],"curies":[{"name":"wp","href":"https:\/\/api.w.org\/{rel}","templated":true}]}}