{"id":12705,"date":"2025-05-05T09:02:05","date_gmt":"2025-05-05T12:02:05","guid":{"rendered":"https:\/\/partediario.com.ar\/?p=12705"},"modified":"2025-05-06T21:47:49","modified_gmt":"2025-05-07T00:47:49","slug":"milei-y-macri-ponen-el-cuerpo-en-la-campana-para-ayudar-a-adorni-y-lospennato-en-las-elecciones-en-caba","status":"publish","type":"post","link":"https:\/\/partediario.com.ar\/?p=12705","title":{"rendered":"Milei y Macri ponen el cuerpo en la campa\u00f1a para ayudar a Adorni y Lospennato en las elecciones en CABA"},"content":{"rendered":"\n<h2 class=\"wp-block-heading\">A menos de dos semanas de la realizaci\u00f3n de los comicios legislativos en la Ciudad de Buenos Aires, el presidente Javier Milei y el expresidente Mauricio Macri salieron al ruedo en los \u00faltimos d\u00edas de la campa\u00f1a porte\u00f1a, respaldando p\u00fablicamente a sus respectivos candidatos: Manuel Adorni por La Libertad Avanza (LLA) y Silvia Lospennato por el PRO.<\/h2>\n\n\n\n<p>Milei realiz\u00f3 una fugaz aparici\u00f3n en Villa Lugano junto a Adorni, donde pidi\u00f3 el voto para su vocero presidencial y neg\u00f3 cualquier v\u00ednculo con el expulsado Ramiro Marra, quien ahora compite por la UCed\u00e9. \u201cAdorni es Milei. Si quieren ver una Argentina grande otra vez, voten a Manuel Adorni\u201d, manifest\u00f3 el presidente, acompa\u00f1ado por su hermana Karina Milei y un grupo reducido de militantes.<\/p>\n\n\n\n<p>En medio del operativo de seguridad, Milei se mostr\u00f3 sonriente y firm\u00f3 una de las paredes del local partidario en el sur porte\u00f1o, donde adem\u00e1s se hicieron presentes streamers libertarios, influencers y referentes locales como Pilar Ram\u00edrez y Juan Pablo Arenaza. La escenograf\u00eda incluy\u00f3 bombos, pasacalles y banderas violetas, con c\u00e1nticos que apuntaron directamente a Marra: \u201cNo pasa nada si todos los traidores se van con Marra\u201d, corearon.<\/p>\n\n\n\n<p>Por su parte Macri apareci\u00f3 junto a Silvia Lospennato y Jorge Macri en un spot de campa\u00f1a que recorre distintos barrios porte\u00f1os. \u201cSomos el \u00fanico equipo que garantiza m\u00e1s y mejor educaci\u00f3n, salud, seguridad e inversi\u00f3n en obra p\u00fablica\u201d, sostuvo Lospennato en el video difundido este fin de semana.<\/p>\n\n\n\n<p>La legisladora nacional y candidata a la Legislatura porte\u00f1a agradeci\u00f3 el apoyo del fundador del PRO: \u201cGracias por confiar en m\u00ed y demostrar que en el PRO le damos oportunidades a segundas y terceras generaciones de amarillos\u201d.<\/p>\n","protected":false},"excerpt":{"rendered":"<p>A menos de dos semanas de la realizaci&oacute;n de los comicios legislativos en la Ciudad de Buenos Aires, el presidente Javier Milei y el expresidente Mauricio Macri salieron al ruedo en los &uacute;ltimos d&iacute;as de la campa&ntilde;a porte&ntilde;a, respaldando p&uacute;blicamente a sus respectivos candidatos: Manuel Adorni por La Libertad Avanza (LLA) y Silvia Lospennato por [&hellip;]<\/p>\n","protected":false},"author":2,"featured_media":12706,"comment_status":"open","ping_status":"open","sticky":false,"template":"","format":"standard","meta":{"footnotes":""},"categories":[5,176],"tags":[5886,5885,232,646,1101,5724],"class_list":["post-12705","post","type-post","status-publish","format-standard","has-post-thumbnail","hentry","category-nacionales","category-politica","tag-cab","tag-eleccciones","tag-javier-milei","tag-manuel-adorni","tag-mauricio-macri","tag-silvia-lospennato"],"_links":{"self":[{"href":"https:\/\/partediario.com.ar\/index.php?rest_route=\/wp\/v2\/posts\/12705","targetHints":{"allow":["GET"]}}],"collection":[{"href":"https:\/\/partediario.com.ar\/index.php?rest_route=\/wp\/v2\/posts"}],"about":[{"href":"https:\/\/partediario.com.ar\/index.php?rest_route=\/wp\/v2\/types\/post"}],"author":[{"embeddable":true,"href":"https:\/\/partediario.com.ar\/index.php?rest_route=\/wp\/v2\/users\/2"}],"replies":[{"embeddable":true,"href":"https:\/\/partediario.com.ar\/index.php?rest_route=%2Fwp%2Fv2%2Fcomments&post=12705"}],"version-history":[{"count":1,"href":"https:\/\/partediario.com.ar\/index.php?rest_route=\/wp\/v2\/posts\/12705\/revisions"}],"predecessor-version":[{"id":12707,"href":"https:\/\/partediario.com.ar\/index.php?rest_route=\/wp\/v2\/posts\/12705\/revisions\/12707"}],"wp:featuredmedia":[{"embeddable":true,"href":"https:\/\/partediario.com.ar\/index.php?rest_route=\/wp\/v2\/media\/12706"}],"wp:attachment":[{"href":"https:\/\/partediario.com.ar\/index.php?rest_route=%2Fwp%2Fv2%2Fmedia&parent=12705"}],"wp:term":[{"taxonomy":"category","embeddable":true,"href":"https:\/\/partediario.com.ar\/index.php?rest_route=%2Fwp%2Fv2%2Fcategories&post=12705"},{"taxonomy":"post_tag","embeddable":true,"href":"https:\/\/partediario.com.ar\/index.php?rest_route=%2Fwp%2Fv2%2Ftags&post=12705"}],"curies":[{"name":"wp","href":"https:\/\/api.w.org\/{rel}","templated":true}]}}