{"id":12715,"date":"2025-05-05T09:55:58","date_gmt":"2025-05-05T12:55:58","guid":{"rendered":"https:\/\/partediario.com.ar\/?p=12715"},"modified":"2025-05-06T21:47:37","modified_gmt":"2025-05-07T00:47:37","slug":"en-medio-de-la-salida-de-la-serie-el-eternauta-reactivan-la-busqueda-de-nietos-desaparecidos-de-hector-german-oesterheld","status":"publish","type":"post","link":"https:\/\/partediario.com.ar\/?p=12715","title":{"rendered":"En medio de la salida de la serie \u00abEl Eternauta\u00bb, reactivan la b\u00fasqueda de nietos desaparecidos de H\u00e9ctor Germ\u00e1n Oesterheld"},"content":{"rendered":"\n<h2 class=\"wp-block-heading\">En medio del entusiasmo generado por la exitosa serie \u201cEl Eternauta\u201d en Netflix, la Red Nacional Hijos e Hijas por la Identidad y la Justicia contra el Olvido y el Silencio (H.I.J.O.S), lanz\u00f3 una campa\u00f1a para reactivar la b\u00fasqueda de los nietos o nietas de H\u00e9ctor Germ\u00e1n Oesterheld.<\/h2>\n\n\n\n<p>Las cuatro hijas de Oesterheld, el creador de la obra original que inspir\u00f3 la producci\u00f3n de Netflix, y Elsa S\u00e1nchez fueron v\u00edctimas de secuestro durante la dictadura c\u00edvico-militar, y dos de ellas se encontraban embarazadas al momento de su desaparici\u00f3n.<\/p>\n\n\n\n<p>Diana y Marina Oesterheld permanecen desaparecidas, al igual que sus beb\u00e9s. Con el objetivo de mantener viva esta b\u00fasqueda, la agrupaci\u00f3n de derechos humanos ha aprovechado la popularidad de la serie para volver a poner el tema en los medios.<\/p>\n\n\n\n<p>A trav\u00e9s de la red social X, H.I.J.O.S. difundi\u00f3 un mensaje dirigido a posibles nietos: \u00ab\u00bfEst\u00e1s mirando El Eternauta? Si es as\u00ed y naciste en noviembre de 1976 o entre noviembre de 1977 y enero de 1978 y ten\u00e9s dudas sobre tu identidad o la de alguien que naci\u00f3 en esas fechas, contactate con Abuelas Difusi\u00f3n\u00bb.<\/p>\n\n\n\n<p>Desde la organizaci\u00f3n agregaron: \u00abSeguimos buscando a los nietos\/nietas de H\u00e9ctor Germ\u00e1n Oesterheld y Elsa S\u00e1nchez, y tal vez est\u00e9n viendo esta serie basada en la obra de HGO y Francisco Solano L\u00f3pez\u00bb.<\/p>\n\n\n\n<p>Finalmente, H.I.J.O.S. se\u00f1al\u00f3: \u00abDiana y Marina Oesterheld fueron desaparecidas por el terrorismo de Estado. Estaban embarazadas. Esas eran las fechas de parto previstas. Las dos siguen desaparecidas, al igual que sus hijos e hijas. Ayudanos a encontrarlos\u00bb.<\/p>\n","protected":false},"excerpt":{"rendered":"<p>En medio del entusiasmo generado por la exitosa serie &ldquo;El Eternauta&rdquo; en Netflix, la Red Nacional Hijos e Hijas por la Identidad y la Justicia contra el Olvido y el Silencio (H.I.J.O.S), lanz&oacute; una campa&ntilde;a para reactivar la b&uacute;squeda de los nietos o nietas de H&eacute;ctor Germ&aacute;n Oesterheld. Las cuatro hijas de Oesterheld, el creador [&hellip;]<\/p>\n","protected":false},"author":2,"featured_media":12716,"comment_status":"open","ping_status":"open","sticky":false,"template":"","format":"standard","meta":{"footnotes":""},"categories":[5,176],"tags":[705,5858,5889,5888],"class_list":["post-12715","post","type-post","status-publish","format-standard","has-post-thumbnail","hentry","category-nacionales","category-politica","tag-campana","tag-el-eternauta","tag-hector-german-oesterheld","tag-hijos-e-hijas"],"_links":{"self":[{"href":"https:\/\/partediario.com.ar\/index.php?rest_route=\/wp\/v2\/posts\/12715","targetHints":{"allow":["GET"]}}],"collection":[{"href":"https:\/\/partediario.com.ar\/index.php?rest_route=\/wp\/v2\/posts"}],"about":[{"href":"https:\/\/partediario.com.ar\/index.php?rest_route=\/wp\/v2\/types\/post"}],"author":[{"embeddable":true,"href":"https:\/\/partediario.com.ar\/index.php?rest_route=\/wp\/v2\/users\/2"}],"replies":[{"embeddable":true,"href":"https:\/\/partediario.com.ar\/index.php?rest_route=%2Fwp%2Fv2%2Fcomments&post=12715"}],"version-history":[{"count":1,"href":"https:\/\/partediario.com.ar\/index.php?rest_route=\/wp\/v2\/posts\/12715\/revisions"}],"predecessor-version":[{"id":12717,"href":"https:\/\/partediario.com.ar\/index.php?rest_route=\/wp\/v2\/posts\/12715\/revisions\/12717"}],"wp:featuredmedia":[{"embeddable":true,"href":"https:\/\/partediario.com.ar\/index.php?rest_route=\/wp\/v2\/media\/12716"}],"wp:attachment":[{"href":"https:\/\/partediario.com.ar\/index.php?rest_route=%2Fwp%2Fv2%2Fmedia&parent=12715"}],"wp:term":[{"taxonomy":"category","embeddable":true,"href":"https:\/\/partediario.com.ar\/index.php?rest_route=%2Fwp%2Fv2%2Fcategories&post=12715"},{"taxonomy":"post_tag","embeddable":true,"href":"https:\/\/partediario.com.ar\/index.php?rest_route=%2Fwp%2Fv2%2Ftags&post=12715"}],"curies":[{"name":"wp","href":"https:\/\/api.w.org\/{rel}","templated":true}]}}