{"id":12726,"date":"2025-05-06T21:14:56","date_gmt":"2025-05-07T00:14:56","guid":{"rendered":"https:\/\/partediario.com.ar\/?p=12726"},"modified":"2025-05-08T19:15:02","modified_gmt":"2025-05-08T22:15:02","slug":"ignacio-torres-convoca-a-una-reforma-fiscal-para-una-argentina-verdaderamente-mas-federal","status":"publish","type":"post","link":"https:\/\/partediario.com.ar\/?p=12726","title":{"rendered":"Ignacio Torres convoca a una reforma fiscal para una Argentina \u00abverdaderamente m\u00e1s federal\u00bb"},"content":{"rendered":"\n<h2 class=\"wp-block-heading\">El gobernador del Chubut, Ignacio \u201cNacho\u201d Torres, convoc\u00f3 este martes desde Entre R\u00edos a todas las fuerzas pol\u00edticas a discutir una reforma fiscal con el objetivo de \u201cconstruir una Argentina verdaderamente federal\u201d, fue en el marco de una jornada organizada por el Consejo Federal de Inversiones (CFI) en la ciudad de Paran\u00e1.<\/h2>\n\n\n\n<p>Durante el encuentro, mentuvo una reuni\u00f3n con mandatarios provinciales, empresarios, acad\u00e9micos y referentes de organismos de financiamiento de todo el pa\u00eds, Torres comparti\u00f3 un panel junto a sus pares de Santa Fe, Maximiliano Pullaro; de Catamarca, Ra\u00fal Jalil; de Buenos Aires, Axel Kicillof; y de La Pampa, Sergio Ziliotto, en el que se debati\u00f3 sobre las \u201cPerspectivas sobre el desarrollo productivo federal\u201d.<\/p>\n\n\n\n<p>\u201cTenemos la posibilidad de dar esta discusi\u00f3n en el Congreso, y por eso hablo por la gran mayor\u00eda de mis colegas al decir que estamos dispuestos a trabajar por una reforma fiscal que nos lleve hacia una Argentina m\u00e1s justa, que le quite el pie de encima a la producci\u00f3n y al trabajo\u201d, manifest\u00f3 el mandatario patag\u00f3nico.<\/p>\n\n\n\n<p>Acompa\u00f1ado por la ministra de Producci\u00f3n de su provincia, Laura Mirantes, el gobernador subray\u00f3 la importancia del di\u00e1logo entre gobiernos provinciales de diferentes signos pol\u00edticos: \u201cEste tipo de eventos nos permiten discutir m\u00e1s all\u00e1 de la coyuntura sobre un pa\u00eds que, aunque se define como federal, arrastra hace 200 a\u00f1os profundas asimetr\u00edas econ\u00f3micas, sociales, educativas y de infraestructura\u201d, apunt\u00f3.<\/p>\n\n\n\n<p>Torres destac\u00f3 que el esquema fiscal argentino actual es \u201cregresivo, distorsivo y centralista\u201d y consider\u00f3 que el debate por un nuevo dise\u00f1o impositivo debe incluir el reconocimiento de las econom\u00edas regionales que, como la chubutense, \u201caportan m\u00e1s de lo que reciben y padecen serias falencias de infraestructura, a pesar de la recaudaci\u00f3n por tributos como el impuesto al combustible\u201d.<\/p>\n\n\n\n<p>Y en esa l\u00ednea apunt\u00f3 contra el Gobierno Nacional al indicar que \u201cno alcanza con encargarse de la macroeconom\u00eda, las relaciones exteriores y la seguridad interior\u201d, y lanz\u00f3: \u201cSi la Argentina necesita desesperadamente divisas, \u00bfc\u00f3mo vamos a exportar m\u00e1s si los puertos se caen a pedazos y las rutas nacionales son un desastre?\u201d.<\/p>\n\n\n\n<p>Por su parte, el secretario general del CFI, Ignacio Lamothe, destac\u00f3 que el trabajo de los gobernadores apunta a \u201cla confecci\u00f3n de una hoja de ruta para el desarrollo nacional con mirada a mediano y largo plazo\u201d, y consider\u00f3 que en esa construcci\u00f3n \u201chay m\u00e1s puntos de acuerdo que de desacuerdo\u201d.<\/p>\n\n\n\n<p>Durante la jornada se abordaron temas claves como el financiamiento para la inversi\u00f3n productiva, la infraestructura log\u00edstica y energ\u00e9tica en las provincias, la innovaci\u00f3n tecnol\u00f3gica como motor del desarrollo regional y la necesidad de pol\u00edticas p\u00fablicas con arraigo territorial.<\/p>\n","protected":false},"excerpt":{"rendered":"<p>El gobernador del Chubut, Ignacio &ldquo;Nacho&rdquo; Torres, convoc&oacute; este martes desde Entre R&iacute;os a todas las fuerzas pol&iacute;ticas a discutir una reforma fiscal con el objetivo de &ldquo;construir una Argentina verdaderamente federal&rdquo;, fue en el marco de una jornada organizada por el Consejo Federal de Inversiones (CFI) en la ciudad de Paran&aacute;. Durante el encuentro, [&hellip;]<\/p>\n","protected":false},"author":2,"featured_media":12727,"comment_status":"open","ping_status":"open","sticky":false,"template":"","format":"standard","meta":{"footnotes":""},"categories":[5,176],"tags":[1505,257,1100,1767,265,1777],"class_list":["post-12726","post","type-post","status-publish","format-standard","has-post-thumbnail","hentry","category-nacionales","category-politica","tag-cfi","tag-entre-rios","tag-fiscal","tag-ignacio-torres","tag-parana","tag-reforma"],"_links":{"self":[{"href":"https:\/\/partediario.com.ar\/index.php?rest_route=\/wp\/v2\/posts\/12726","targetHints":{"allow":["GET"]}}],"collection":[{"href":"https:\/\/partediario.com.ar\/index.php?rest_route=\/wp\/v2\/posts"}],"about":[{"href":"https:\/\/partediario.com.ar\/index.php?rest_route=\/wp\/v2\/types\/post"}],"author":[{"embeddable":true,"href":"https:\/\/partediario.com.ar\/index.php?rest_route=\/wp\/v2\/users\/2"}],"replies":[{"embeddable":true,"href":"https:\/\/partediario.com.ar\/index.php?rest_route=%2Fwp%2Fv2%2Fcomments&post=12726"}],"version-history":[{"count":1,"href":"https:\/\/partediario.com.ar\/index.php?rest_route=\/wp\/v2\/posts\/12726\/revisions"}],"predecessor-version":[{"id":12728,"href":"https:\/\/partediario.com.ar\/index.php?rest_route=\/wp\/v2\/posts\/12726\/revisions\/12728"}],"wp:featuredmedia":[{"embeddable":true,"href":"https:\/\/partediario.com.ar\/index.php?rest_route=\/wp\/v2\/media\/12727"}],"wp:attachment":[{"href":"https:\/\/partediario.com.ar\/index.php?rest_route=%2Fwp%2Fv2%2Fmedia&parent=12726"}],"wp:term":[{"taxonomy":"category","embeddable":true,"href":"https:\/\/partediario.com.ar\/index.php?rest_route=%2Fwp%2Fv2%2Fcategories&post=12726"},{"taxonomy":"post_tag","embeddable":true,"href":"https:\/\/partediario.com.ar\/index.php?rest_route=%2Fwp%2Fv2%2Ftags&post=12726"}],"curies":[{"name":"wp","href":"https:\/\/api.w.org\/{rel}","templated":true}]}}