{"id":12732,"date":"2025-05-06T21:24:17","date_gmt":"2025-05-07T00:24:17","guid":{"rendered":"https:\/\/partediario.com.ar\/?p=12732"},"modified":"2025-05-08T19:14:55","modified_gmt":"2025-05-08T22:14:55","slug":"tiene-dictamen-la-modificacion-al-regimen-penal-juvenil","status":"publish","type":"post","link":"https:\/\/partediario.com.ar\/?p=12732","title":{"rendered":"Tiene dictamen la modificaci\u00f3n al R\u00e9gimen Penal Juvenil"},"content":{"rendered":"\n<h2 class=\"wp-block-heading\">La C\u00e1mara de Diputados avanz\u00f3 este martes en la comisi\u00f3n de Legislaci\u00f3n Penal con un dictamen para modificar el R\u00e9gimen Penal Juvenil, reduciendo la edad de imputabilidad de 16 a 14 a\u00f1os, en medio de un debate cargado de fuertes tensiones pol\u00edticas y sociales.<\/h2>\n\n\n\n<p>e supo que el dictamen fue impulsado por el Gobierno nacional con el respaldo de bloques dialoguistas como PRO, UCR, Innovaci\u00f3n Federal, la Coalici\u00f3n C\u00edvica y algunos sectores de Encuentro Federal, quienes lograron mayor\u00eda para avanzar con la iniciativa.<\/p>\n\n\n\n<p>El proyecto, que ser\u00e1 debatido en el recinto en las pr\u00f3ximas semanas, detERMINA que los adolescentes de 14 y 15 a\u00f1os ser\u00e1n imputables en casos de delitos graves, como homicidios, violaciones o robos con armas.<\/p>\n\n\n\n<p>Por su parte, Uni\u00f3n por la Patria, la izquierda y organizaciones de derechos humanos rechazaron de plano la propuesta, fundamentando sus argumentos que destacando que de este modo se criminaliza a la juventud y no soluciona las causas estructurales de la violencia.<\/p>\n","protected":false},"excerpt":{"rendered":"<p>La C&aacute;mara de Diputados avanz&oacute; este martes en la comisi&oacute;n de Legislaci&oacute;n Penal con un dictamen para modificar el R&eacute;gimen Penal Juvenil, reduciendo la edad de imputabilidad de 16 a 14 a&ntilde;os, en medio de un debate cargado de fuertes tensiones pol&iacute;ticas y sociales. e supo que el dictamen fue impulsado por el Gobierno nacional [&hellip;]<\/p>\n","protected":false},"author":2,"featured_media":12733,"comment_status":"open","ping_status":"open","sticky":false,"template":"","format":"standard","meta":{"footnotes":""},"categories":[5,176],"tags":[2525,1159,2526,2524],"class_list":["post-12732","post","type-post","status-publish","format-standard","has-post-thumbnail","hentry","category-nacionales","category-politica","tag-juvenil","tag-modificacion","tag-penal","tag-regimel"],"_links":{"self":[{"href":"https:\/\/partediario.com.ar\/index.php?rest_route=\/wp\/v2\/posts\/12732","targetHints":{"allow":["GET"]}}],"collection":[{"href":"https:\/\/partediario.com.ar\/index.php?rest_route=\/wp\/v2\/posts"}],"about":[{"href":"https:\/\/partediario.com.ar\/index.php?rest_route=\/wp\/v2\/types\/post"}],"author":[{"embeddable":true,"href":"https:\/\/partediario.com.ar\/index.php?rest_route=\/wp\/v2\/users\/2"}],"replies":[{"embeddable":true,"href":"https:\/\/partediario.com.ar\/index.php?rest_route=%2Fwp%2Fv2%2Fcomments&post=12732"}],"version-history":[{"count":1,"href":"https:\/\/partediario.com.ar\/index.php?rest_route=\/wp\/v2\/posts\/12732\/revisions"}],"predecessor-version":[{"id":12734,"href":"https:\/\/partediario.com.ar\/index.php?rest_route=\/wp\/v2\/posts\/12732\/revisions\/12734"}],"wp:featuredmedia":[{"embeddable":true,"href":"https:\/\/partediario.com.ar\/index.php?rest_route=\/wp\/v2\/media\/12733"}],"wp:attachment":[{"href":"https:\/\/partediario.com.ar\/index.php?rest_route=%2Fwp%2Fv2%2Fmedia&parent=12732"}],"wp:term":[{"taxonomy":"category","embeddable":true,"href":"https:\/\/partediario.com.ar\/index.php?rest_route=%2Fwp%2Fv2%2Fcategories&post=12732"},{"taxonomy":"post_tag","embeddable":true,"href":"https:\/\/partediario.com.ar\/index.php?rest_route=%2Fwp%2Fv2%2Ftags&post=12732"}],"curies":[{"name":"wp","href":"https:\/\/api.w.org\/{rel}","templated":true}]}}