{"id":12735,"date":"2025-05-06T21:30:06","date_gmt":"2025-05-07T00:30:06","guid":{"rendered":"https:\/\/partediario.com.ar\/?p=12735"},"modified":"2025-05-08T19:14:51","modified_gmt":"2025-05-08T22:14:51","slug":"el-secretario-gremial-de-la-uta-aseguro-que-si-no-hay-acuerdo-habra-paro-por-tiempo-indeterminado","status":"publish","type":"post","link":"https:\/\/partediario.com.ar\/?p=12735","title":{"rendered":"El secretario gremial de la UTA asegur\u00f3 que \u201csi no hay acuerdo\u201d habr\u00e1 \u201cparo por tiempo indeterminado\u201d"},"content":{"rendered":"\n<h2 class=\"wp-block-heading\">Gabriel Gusso, asever\u00f3 que si el salario de \u201cdos millones y medio de pesos\u201d que exigen para los choferes \u201cno se llega a dar en el transcurso del d\u00eda\u201d ir\u00e1n hacia un paro \u201cpor tiempo indeterminado\u201d.<\/h2>\n\n\n\n<p>Sin embargo, el gremio desconoci\u00f3 horas m\u00e1s tarde a Gusso como vocero, lo cual refleja un grave conflicto interno dentro del gremio de transporte.<\/p>\n\n\n\n<p>En declaraciones a NA, Gusso expres\u00f3 que el presidente Javier Milei debe llamar al titular de UTA, Roberto Fern\u00e1ndez y \u201cponer la plata\u201d que piden; y adem\u00e1s, alert\u00f3 que que ya no quieren \u00abm\u00e1s promesas\u201d por parte del Gobierno Nacional.<\/p>\n\n\n\n<p>\u201cLas bases le est\u00e1n pidiendo al Consejo Ejecutivo Nacional un plan de lucha que va a partir de una asamblea. Si el reclamo no es escuchado, se va a pedir el paro por tiempo indeterminado. Vamos a ir para adelante, no vamos a dar un paso para atr\u00e1s. Estamos firmes\u201d, apunt\u00f3 Gusso.<\/p>\n\n\n\n<p>imult\u00e1neamente, y a partir de las 13.30, choferes de la l\u00ednea 148 realizaron una manifestaci\u00f3n en Puente Saavedra, en apoyo al reclamo salarial y al paro llevado adelante a nivel nacional.<\/p>\n\n\n\n<p>Asimismo, Gusso se\u00f1al\u00f3 que los trabajadores del transporte \u201cquieren cobrar lo que les corresponde\u201d y que, en estos momentos, \u201cno quieren participar de la negociaci\u00f3n de subsidios\u201d ni de los aumentos del boleto, porque ser\u00eda \u201cdilatar\u201d el reclamo que est\u00e1n haciendo hoy.<\/p>\n\n\n\n<p>\u201cSi me llegan a pagar los empresarios yo los defiendo tambi\u00e9n contra el Gobierno por el tema de los subsidios y el boleto\u2026 Damos la charla, conozco el tema, pero yo me tengo que centrar en el salario que es dos millones y medio para el trabajador\u201d, destac\u00f3.<\/p>\n\n\n\n<p>Y destac\u00f3 la importancia de la tarea de los choferes y que, como sindicato, no pueden permitir que tengan dos trabajos para llegar a fin de mes porque eso pondr\u00eda en peligro su propia vida y la de los pasajeros.<\/p>\n\n\n\n<p>\u00abTienen que estar atentos para poder conducir el veh\u00edculo. Si est\u00e1n cansados, se duermen, pueden chocar y ponen en riesgo a la gente que va en el pasaje, a la que est\u00e1 en la ciudad o en la ruta\u00bb, destac\u00f3. \u00abNo se le puede pedir que se busque otro trabajo porque tiene que descansar. No puede pesta\u00f1ear con semejante mole porque hace un desastre y despu\u00e9s empezamos a lamentar cosas\u00bb, a\u00f1adi\u00f3. \u00abEs una responsabilidad muy grande que tienen ellos manejando y nosotros como sindicalistas, para representarlos\u201d, finaliz\u00f3 Gusso.<\/p>\n","protected":false},"excerpt":{"rendered":"<p>Gabriel Gusso, asever&oacute; que si el salario de &ldquo;dos millones y medio de pesos&rdquo; que exigen para los choferes &ldquo;no se llega a dar en el transcurso del d&iacute;a&rdquo; ir&aacute;n hacia un paro &ldquo;por tiempo indeterminado&rdquo;. Sin embargo, el gremio desconoci&oacute; horas m&aacute;s tarde a Gusso como vocero, lo cual refleja un grave conflicto interno [&hellip;]<\/p>\n","protected":false},"author":2,"featured_media":12736,"comment_status":"open","ping_status":"open","sticky":false,"template":"","format":"standard","meta":{"footnotes":""},"categories":[978,5,176],"tags":[5891,5893,691,5892,1479],"class_list":["post-12735","post","type-post","status-publish","format-standard","has-post-thumbnail","hentry","category-gremiales","category-nacionales","category-politica","tag-gabriel-gusso","tag-indeterminado","tag-paro","tag-tiempo","tag-uta"],"_links":{"self":[{"href":"https:\/\/partediario.com.ar\/index.php?rest_route=\/wp\/v2\/posts\/12735","targetHints":{"allow":["GET"]}}],"collection":[{"href":"https:\/\/partediario.com.ar\/index.php?rest_route=\/wp\/v2\/posts"}],"about":[{"href":"https:\/\/partediario.com.ar\/index.php?rest_route=\/wp\/v2\/types\/post"}],"author":[{"embeddable":true,"href":"https:\/\/partediario.com.ar\/index.php?rest_route=\/wp\/v2\/users\/2"}],"replies":[{"embeddable":true,"href":"https:\/\/partediario.com.ar\/index.php?rest_route=%2Fwp%2Fv2%2Fcomments&post=12735"}],"version-history":[{"count":1,"href":"https:\/\/partediario.com.ar\/index.php?rest_route=\/wp\/v2\/posts\/12735\/revisions"}],"predecessor-version":[{"id":12737,"href":"https:\/\/partediario.com.ar\/index.php?rest_route=\/wp\/v2\/posts\/12735\/revisions\/12737"}],"wp:featuredmedia":[{"embeddable":true,"href":"https:\/\/partediario.com.ar\/index.php?rest_route=\/wp\/v2\/media\/12736"}],"wp:attachment":[{"href":"https:\/\/partediario.com.ar\/index.php?rest_route=%2Fwp%2Fv2%2Fmedia&parent=12735"}],"wp:term":[{"taxonomy":"category","embeddable":true,"href":"https:\/\/partediario.com.ar\/index.php?rest_route=%2Fwp%2Fv2%2Fcategories&post=12735"},{"taxonomy":"post_tag","embeddable":true,"href":"https:\/\/partediario.com.ar\/index.php?rest_route=%2Fwp%2Fv2%2Ftags&post=12735"}],"curies":[{"name":"wp","href":"https:\/\/api.w.org\/{rel}","templated":true}]}}