{"id":12738,"date":"2025-05-06T21:35:54","date_gmt":"2025-05-07T00:35:54","guid":{"rendered":"https:\/\/partediario.com.ar\/?p=12738"},"modified":"2025-05-08T19:14:47","modified_gmt":"2025-05-08T22:14:47","slug":"afirman-que-los-opositores-al-chavismo-asilados-en-la-embajada-argentina-en-caracas-ya-no-se-encuentran-en-venezuela","status":"publish","type":"post","link":"https:\/\/partediario.com.ar\/?p=12738","title":{"rendered":"Afirman que los opositores al chavismo asilados en la Embajada Argentina en Caracas ya no se encuentran en Venezuela"},"content":{"rendered":"\n<h2 class=\"wp-block-heading\">Cinco dirigentes opositores al r\u00e9gimen de Nicol\u00e1s Maduro que permanec\u00edan asilados en la Embajada de Argentina en Caracas habr\u00edan abandonado este martes Venezuela, seg\u00fan expres\u00f3 el periodista David Placer a trav\u00e9s de sus redes sociales.<\/h2>\n\n\n\n<p>Seg\u00fan trascendi\u00f3, la salida del pa\u00eds se concret\u00f3 en las \u00faltimas horas en un operativo reservado que cont\u00f3 con participaci\u00f3n del gobierno de Estados Unidos y del gobierno italiano. \u201cLos cinco se encuentran fuera de Venezuela y en completa seguridad, aunque no todos est\u00e1n en los mismos pa\u00edses\u201d, asever\u00f3 Placer, quien calific\u00f3 la maniobra como una \u201coperaci\u00f3n fuga\u201d.<\/p>\n\n\n\n<p><\/p>\n\n\n\n<figure class=\"wp-block-image size-large\"><img loading=\"lazy\" decoding=\"async\" width=\"1024\" height=\"699\" src=\"https:\/\/partediario.com.ar\/wp-content\/uploads\/Venezuela-1024x699.webp\" alt=\"\" class=\"wp-image-12739\" srcset=\"https:\/\/partediario.com.ar\/wp-content\/uploads\/Venezuela-1024x699.webp 1024w, https:\/\/partediario.com.ar\/wp-content\/uploads\/Venezuela-300x205.webp 300w, https:\/\/partediario.com.ar\/wp-content\/uploads\/Venezuela-768x524.webp 768w, https:\/\/partediario.com.ar\/wp-content\/uploads\/Venezuela.webp 1055w\" sizes=\"auto, (max-width: 1024px) 100vw, 1024px\" \/><\/figure>\n\n\n\n<p><\/p>\n\n\n\n<p>Los asilados eran Pedro Urruchurtu, Humberto Villalobos, Claudia Macero, Omar Gonz\u00e1lez y Magal\u00ed Meda, todos integrantes del equipo de la dirigente Mar\u00eda Corina Machado, principal figura opositora al chavismo.<\/p>\n\n\n\n<p>El grupo se encontraba bajo protecci\u00f3n diplom\u00e1tica en la sede argentina desde el 20 de marzo de 2024, cuando buscaron refugio ante amenazas y persecuciones del r\u00e9gimen. A la fecha, no hubo confirmaci\u00f3n oficial del equipo de Machado ni de la Canciller\u00eda argentina sobre el desenlace de la situaci\u00f3n.<\/p>\n\n\n\n<p>Este evento es un hecho de alto impacto pol\u00edtico para la regi\u00f3n, en especial para el gobierno de Javier Milei, que hab\u00eda ratificado la vigencia del asilo en repetidas ocasiones y reclamado garant\u00edas al r\u00e9gimen venezolano.<\/p>\n","protected":false},"excerpt":{"rendered":"<p>Cinco dirigentes opositores al r&eacute;gimen de Nicol&aacute;s Maduro que permanec&iacute;an asilados en la Embajada de Argentina en Caracas habr&iacute;an abandonado este martes Venezuela, seg&uacute;n expres&oacute; el periodista David Placer a trav&eacute;s de sus redes sociales. Seg&uacute;n trascendi&oacute;, la salida del pa&iacute;s se concret&oacute; en las &uacute;ltimas horas en un operativo reservado que cont&oacute; con participaci&oacute;n [&hellip;]<\/p>\n","protected":false},"author":2,"featured_media":12740,"comment_status":"open","ping_status":"open","sticky":false,"template":"","format":"standard","meta":{"footnotes":""},"categories":[9,726],"tags":[411,2042,5895,5896,3114,5894,1339],"class_list":["post-12738","post","type-post","status-publish","format-standard","has-post-thumbnail","hentry","category-internacionales","category-sociedad","tag-argentina","tag-caracas","tag-chavistas","tag-david-placer","tag-embajada","tag-opositores","tag-venezuela"],"_links":{"self":[{"href":"https:\/\/partediario.com.ar\/index.php?rest_route=\/wp\/v2\/posts\/12738","targetHints":{"allow":["GET"]}}],"collection":[{"href":"https:\/\/partediario.com.ar\/index.php?rest_route=\/wp\/v2\/posts"}],"about":[{"href":"https:\/\/partediario.com.ar\/index.php?rest_route=\/wp\/v2\/types\/post"}],"author":[{"embeddable":true,"href":"https:\/\/partediario.com.ar\/index.php?rest_route=\/wp\/v2\/users\/2"}],"replies":[{"embeddable":true,"href":"https:\/\/partediario.com.ar\/index.php?rest_route=%2Fwp%2Fv2%2Fcomments&post=12738"}],"version-history":[{"count":1,"href":"https:\/\/partediario.com.ar\/index.php?rest_route=\/wp\/v2\/posts\/12738\/revisions"}],"predecessor-version":[{"id":12741,"href":"https:\/\/partediario.com.ar\/index.php?rest_route=\/wp\/v2\/posts\/12738\/revisions\/12741"}],"wp:featuredmedia":[{"embeddable":true,"href":"https:\/\/partediario.com.ar\/index.php?rest_route=\/wp\/v2\/media\/12740"}],"wp:attachment":[{"href":"https:\/\/partediario.com.ar\/index.php?rest_route=%2Fwp%2Fv2%2Fmedia&parent=12738"}],"wp:term":[{"taxonomy":"category","embeddable":true,"href":"https:\/\/partediario.com.ar\/index.php?rest_route=%2Fwp%2Fv2%2Fcategories&post=12738"},{"taxonomy":"post_tag","embeddable":true,"href":"https:\/\/partediario.com.ar\/index.php?rest_route=%2Fwp%2Fv2%2Ftags&post=12738"}],"curies":[{"name":"wp","href":"https:\/\/api.w.org\/{rel}","templated":true}]}}