{"id":12742,"date":"2025-05-06T21:46:24","date_gmt":"2025-05-07T00:46:24","guid":{"rendered":"https:\/\/partediario.com.ar\/?p=12742"},"modified":"2025-05-06T21:46:24","modified_gmt":"2025-05-07T00:46:24","slug":"franco-colapinto-que-detalles-faltan-para-el-anuncio-oficial-de-un-asiento-en-alpine-para-el-corredor-argentino","status":"publish","type":"post","link":"https:\/\/partediario.com.ar\/?p=12742","title":{"rendered":"Franco Colapinto: que detalles faltan para el anuncio oficial de un asiento en Alpine para el corredor argentino"},"content":{"rendered":"\n<h2 class=\"wp-block-heading\">El automovilismo argentino se ilusiona con la posible llegada de Franco Colapinto nuevamente a la F\u00f3rmula 1, tras que en las \u00faltimas horas cobrara fuerza el rumor de que el joven piloto reemplazar\u00eda a Jack Doohan en Alpine.<\/h2>\n\n\n\n<p>Las pruebas en Zandvoort y una supuesta vacante disponible en el equipo desataron los comentarios en las redes sociales que se viralizaron r\u00e1pidamente, sobre la posibilidad del argentino como piloto principal de la escuder\u00eda francesa. No obstante, el tan esperado comunicado oficial aun no lleg\u00f3 y hay motivos espec\u00edficos detr\u00e1s de esta demora.<\/p>\n\n\n\n<p>El principal motivo del retraso est\u00e1 ligado a cuestiones reglamentarias de la propia F\u00f3rmula 1. De acuerdo a las normas de la categor\u00eda, los pilotos titulares no pueden participar de determinadas sesiones de pruebas privadas.<\/p>\n\n\n\n<p>En este contexto, Alpine decidi\u00f3 iniciar los ensayos en el circuito neerland\u00e9s con el japon\u00e9s Ritomo Miyata a bordo del A523, mientras que reci\u00e9n este mi\u00e9rcoles ser\u00e1 el turno de Colapinto.<\/p>\n\n\n\n<p>Por este motivo, el equipo no estar\u00eda habilitado para confirmar p\u00fablicamente cambios en su alineaci\u00f3n por situaciones reglamentarias de la m\u00e1xima categor\u00eda del automovilismo mundial.<\/p>\n\n\n\n<p>Este detalle t\u00e9cnico es clave para comprender por qu\u00e9 Alpine mantiene el silencio, por ahora. Reci\u00e9n una vez completado el test de Colapinto en Zandvoort, el equipo franc\u00e9s tendr\u00eda v\u00eda libre para avanzar con los tr\u00e1mites oficiales y hacer p\u00fablico si el corredor argentino ser\u00eda efectivamente quien ocupe la butaca de Doohan de cara al Gran Premio de Imola.<\/p>\n\n\n\n<p>El panorama no es para nada sencillo en el equipo Alpine, ya que con una primera mitad de temporada 2025 por debajo de las expectativas y sin haber sumado puntos de forma consistente, la escuder\u00eda est\u00e1 enfocada en reestructurar su estrategia tanto en lo t\u00e9cnico como en lo deportivo.<\/p>\n\n\n\n<p>La incorporaci\u00f3n de un nuevo piloto, en este caso Colapinto, formar\u00eda parte de esa apuesta por encontrar un nuevo impulso competitivo en lo que queda del calendario de la F\u00f3rmula 1.<\/p>\n\n\n\n<p>La prueba de este mi\u00e9rcoles ser\u00e1 clave no solo para validar la preparaci\u00f3n del argentinno, sino adem\u00e1s como antesala de una posible oficializaci\u00f3n en el equipo y la vuelta de Colapinto.<\/p>\n","protected":false},"excerpt":{"rendered":"<p>El automovilismo argentino se ilusiona con la posible llegada de Franco Colapinto nuevamente a la F&oacute;rmula 1, tras que en las &uacute;ltimas horas cobrara fuerza el rumor de que el joven piloto reemplazar&iacute;a a Jack Doohan en Alpine. Las pruebas en Zandvoort y una supuesta vacante disponible en el equipo desataron los comentarios en las [&hellip;]<\/p>\n","protected":false},"author":2,"featured_media":12743,"comment_status":"open","ping_status":"open","sticky":false,"template":"","format":"standard","meta":{"footnotes":""},"categories":[4,9,726],"tags":[4671,2847,5897],"class_list":["post-12742","post","type-post","status-publish","format-standard","has-post-thumbnail","hentry","category-deportes","category-internacionales","category-sociedad","tag-alpine","tag-franco-colapinto","tag-imola"],"_links":{"self":[{"href":"https:\/\/partediario.com.ar\/index.php?rest_route=\/wp\/v2\/posts\/12742","targetHints":{"allow":["GET"]}}],"collection":[{"href":"https:\/\/partediario.com.ar\/index.php?rest_route=\/wp\/v2\/posts"}],"about":[{"href":"https:\/\/partediario.com.ar\/index.php?rest_route=\/wp\/v2\/types\/post"}],"author":[{"embeddable":true,"href":"https:\/\/partediario.com.ar\/index.php?rest_route=\/wp\/v2\/users\/2"}],"replies":[{"embeddable":true,"href":"https:\/\/partediario.com.ar\/index.php?rest_route=%2Fwp%2Fv2%2Fcomments&post=12742"}],"version-history":[{"count":1,"href":"https:\/\/partediario.com.ar\/index.php?rest_route=\/wp\/v2\/posts\/12742\/revisions"}],"predecessor-version":[{"id":12744,"href":"https:\/\/partediario.com.ar\/index.php?rest_route=\/wp\/v2\/posts\/12742\/revisions\/12744"}],"wp:featuredmedia":[{"embeddable":true,"href":"https:\/\/partediario.com.ar\/index.php?rest_route=\/wp\/v2\/media\/12743"}],"wp:attachment":[{"href":"https:\/\/partediario.com.ar\/index.php?rest_route=%2Fwp%2Fv2%2Fmedia&parent=12742"}],"wp:term":[{"taxonomy":"category","embeddable":true,"href":"https:\/\/partediario.com.ar\/index.php?rest_route=%2Fwp%2Fv2%2Fcategories&post=12742"},{"taxonomy":"post_tag","embeddable":true,"href":"https:\/\/partediario.com.ar\/index.php?rest_route=%2Fwp%2Fv2%2Ftags&post=12742"}],"curies":[{"name":"wp","href":"https:\/\/api.w.org\/{rel}","templated":true}]}}