{"id":12762,"date":"2025-05-08T13:54:12","date_gmt":"2025-05-08T16:54:12","guid":{"rendered":"https:\/\/partediario.com.ar\/?p=12762"},"modified":"2025-05-10T09:08:08","modified_gmt":"2025-05-10T12:08:08","slug":"fumata-blanca-a-minutos-de-conocer-quien-sera-el-nuevo-papa","status":"publish","type":"post","link":"https:\/\/partediario.com.ar\/?p=12762","title":{"rendered":"FUMATA BLANCA: a minutos de conocer quien ser\u00e1 el nuevo Papa &#8211; El video del momento exacto."},"content":{"rendered":"\n<h2 class=\"wp-block-heading\">La salida del humo blanco confirm\u00f3 la elecci\u00f3n del nuevo Papa y miles de fieles celebraron euf\u00f3ricos, con aplausos y l\u00e1grimas frente a la bas\u00edlica de San Pedro.<\/h2>\n\n\n\n<p>Finalmente la esperada fumata blanca emergi\u00f3 esta tarde (horario de Roma), de la chimenea de la Capilla Sixtina y gener\u00f3 la emoci\u00f3n colectiva en la Plaza San Pedro:<strong> HAY NUEVO PAPA<\/strong> . A las 18.42 (hora local), el humo blanco y el repicar de campanas confirmaron que los 133 cardenales electores reunidos en c\u00f3nclave acordaron para elegir al sucesor de Francisco.<\/p>\n\n\n\n<p><\/p>\n\n\n\n<figure class=\"wp-block-video\"><video height=\"406\" style=\"aspect-ratio: 720 \/ 406;\" width=\"720\" controls src=\"https:\/\/partediario.com.ar\/wp-content\/uploads\/video-Fumata-Blanca.mp4\"><\/video><\/figure>\n\n\n\n<p><\/p>\n\n\n\n<p>El anuncio oficial se dar\u00e1 en cualquier momento, cuando el cardenal protodi\u00e1cono Dominique Mamberti proclame desde el balc\u00f3n: \u201cHabemus Papam\u201d y de a conocer el nombre del nuevo sumo pont\u00edfice, as\u00ed como el nombre con el que gobernar\u00e1 la Iglesia.<\/p>\n\n\n\n<p>M\u00e1s de 45.000 personas convocadas frente a la bas\u00edlica estallaron en aplausos, v\u00edtores y l\u00e1grimas, en una escena transmitida en vivo al mundo entero. El humo blanco puso fin a dos d\u00edas de deliberaciones y marc\u00f3 el comienzo de un nuevo cap\u00edtulo para los 1.400 millones de cat\u00f3licos.<\/p>\n\n\n\n<p>El nuevo l\u00edder espiritual deber\u00e1 lidiar con una Iglesia atravesada por desaf\u00edos hist\u00f3ricos: los esc\u00e1ndalos de abusos, la crisis de vocaciones, el rol de las mujeres, la resistencia interna al legado de Francisco y el contexto global signado por conflictos b\u00e9licos, populismos y emergencia clim\u00e1tica.<\/p>\n\n\n\n<p>Seg\u00fan la tradici\u00f3n, el flamante pont\u00edfice ingres\u00f3 inmediatamente a la Sala de las L\u00e1grimas, donde se viste con su sotana blanca y se prepara para salir al balc\u00f3n de la logia central. All\u00ed brindar\u00e1 su primera bendici\u00f3n \u00aburbi et orbi\u00bb, mientras el mundo espera escuchar las primeras palabras como papa 267\u00ba de la Iglesia Cat\u00f3lica.<\/p>\n","protected":false},"excerpt":{"rendered":"<p>La salida del humo blanco confirm&oacute; la elecci&oacute;n del nuevo Papa y miles de fieles celebraron euf&oacute;ricos, con aplausos y l&aacute;grimas frente a la bas&iacute;lica de San Pedro. Finalmente la esperada fumata blanca emergi&oacute; esta tarde (horario de Roma), de la chimenea de la Capilla Sixtina y gener&oacute; la emoci&oacute;n colectiva en la Plaza San [&hellip;]<\/p>\n","protected":false},"author":2,"featured_media":12763,"comment_status":"open","ping_status":"open","sticky":false,"template":"","format":"standard","meta":{"footnotes":""},"categories":[9,726],"tags":[5907,5908,3603],"class_list":["post-12762","post","type-post","status-publish","format-standard","has-post-thumbnail","hentry","category-internacionales","category-sociedad","tag-fumata-blanca","tag-hay-papa","tag-vaticano"],"_links":{"self":[{"href":"https:\/\/partediario.com.ar\/index.php?rest_route=\/wp\/v2\/posts\/12762","targetHints":{"allow":["GET"]}}],"collection":[{"href":"https:\/\/partediario.com.ar\/index.php?rest_route=\/wp\/v2\/posts"}],"about":[{"href":"https:\/\/partediario.com.ar\/index.php?rest_route=\/wp\/v2\/types\/post"}],"author":[{"embeddable":true,"href":"https:\/\/partediario.com.ar\/index.php?rest_route=\/wp\/v2\/users\/2"}],"replies":[{"embeddable":true,"href":"https:\/\/partediario.com.ar\/index.php?rest_route=%2Fwp%2Fv2%2Fcomments&post=12762"}],"version-history":[{"count":2,"href":"https:\/\/partediario.com.ar\/index.php?rest_route=\/wp\/v2\/posts\/12762\/revisions"}],"predecessor-version":[{"id":12767,"href":"https:\/\/partediario.com.ar\/index.php?rest_route=\/wp\/v2\/posts\/12762\/revisions\/12767"}],"wp:featuredmedia":[{"embeddable":true,"href":"https:\/\/partediario.com.ar\/index.php?rest_route=\/wp\/v2\/media\/12763"}],"wp:attachment":[{"href":"https:\/\/partediario.com.ar\/index.php?rest_route=%2Fwp%2Fv2%2Fmedia&parent=12762"}],"wp:term":[{"taxonomy":"category","embeddable":true,"href":"https:\/\/partediario.com.ar\/index.php?rest_route=%2Fwp%2Fv2%2Fcategories&post=12762"},{"taxonomy":"post_tag","embeddable":true,"href":"https:\/\/partediario.com.ar\/index.php?rest_route=%2Fwp%2Fv2%2Ftags&post=12762"}],"curies":[{"name":"wp","href":"https:\/\/api.w.org\/{rel}","templated":true}]}}